{"id":52376,"date":"2024-05-22T19:16:06","date_gmt":"2024-05-22T22:16:06","guid":{"rendered":"https:\/\/panoramadelsur.com.ar\/?p=52376"},"modified":"2024-05-22T19:16:07","modified_gmt":"2024-05-22T22:16:07","slug":"la-venta-de-combustibles-en-abril-fue-la-mas-baja-en-34-meses","status":"publish","type":"post","link":"https:\/\/panoramadelsur.com.ar\/?p=52376","title":{"rendered":"LA VENTA DE COMBUSTIBLES EN ABRIL FUE LA M\u00c1S BAJA EN 34 MESES"},"content":{"rendered":"\n<p>La venta de combustibles en abril fue la m\u00e1s baja en 34 meses, tras un retroceso de 13,7%, el m\u00e1s fuerte en tres a\u00f1os y medio, seg\u00fan un estudio privado.<\/p>\n\n\n\n<p>La ca\u00edda tiene origen en la recesi\u00f3n econ\u00f3mica interna, pero adem\u00e1s en la baja que se produjo en las zonas lim\u00edtrofes por la suba del precio de los combustibles.<\/p>\n\n\n\n<p>El presidente, Javier Milei, dijo en las \u00faltimas horas que la actividad econ\u00f3mica hab\u00eda tocado piso en marzo y abril y asegur\u00f3 que ya comenzaron a observarse signos de reactivaci\u00f3n.<\/p>\n\n\n\n<p>De acuerdo al trabajo de la consultora Politik\u00f3n Chaco, en abril se comercializaron 1.296.255 metros c\u00fabicos de combustible al p\u00fablico, entre naftas y gasoil.<\/p>\n\n\n\n<p>\u201cSe trata del volumen de ventas m\u00e1s bajos de los \u00faltimos 34 meses: hay que remontarse a junio 2021 (con 1.157.630 metros c\u00fabicos comercializados) para ver un n\u00famero menor\u201d, precis\u00f3 el informe.<\/p>\n\n\n\n<p>A\u00f1adi\u00f3 que \u201cen la comparaci\u00f3n contra abril de 2023, las ventas de combustible mostraron un retroceso del 13,7%, siendo ese el descenso m\u00e1s fuerte de los \u00faltimos 41 meses y el quinto mes consecutivo con ese resultado; respecto al mes previo (marzo 2024) las ventas descendieron 6,9%\u201d.<\/p>\n\n\n\n<p>Las naftas exhibieron una baja del 11,4% interanual aunque con alta disparidad seg\u00fan el segmento: las ventas de nafta s\u00faper caen 6,8% interanual pero las de naftas premium lo hacen en -24,2%. Respecto al gasoil, el resultado global fue de ca\u00edda del 16,5% interanual: dentro de este, el com\u00fan cay\u00f3 19,1% y el premium lo hizo en -10,7%.<\/p>\n\n\n\n<p>En lo que respecta a la distribuci\u00f3n geogr\u00e1fica solamente dos de las veinticuatro provincias exhibieron incrementos en la comparaci\u00f3n interanual: CABA con +1,9% (apoyado en la nafta que creci\u00f3 5,2% vs. -7,4% del gasoil) y R\u00edo Negro con +0,3% (traccionada por el gasoil con +3,7% vs. -2,8% de la nafta).<\/p>\n\n\n\n<p>Por el contrario, en las veintid\u00f3s jurisdicciones restantes las ventas de combustibles se contrajeron: la ca\u00edda m\u00e1s leve, siendo la \u00fanica de un d\u00edgito, se observa en Catamarca (-9,5%); pero el resto de los distritos cae en doble d\u00edgito con altos desv\u00edos.<\/p>\n\n\n\n<p>Por caso, en dos provincias la baja fue superior al 30%. Misiones con -32,2% y Formosa con -35,1%, los descensos m\u00e1s fuertes del pa\u00eds, jurisdicciones lim\u00edtrofes donde se produjo una menor afluencia de extranjeros ante la suba de los pecios.<\/p>\n","protected":false},"excerpt":{"rendered":"<p>La venta<\/p>\n","protected":false},"author":1,"featured_media":52378,"comment_status":"closed","ping_status":"closed","sticky":false,"template":"","format":"standard","meta":{"footnotes":""},"categories":[4],"tags":[],"class_list":["post-52376","post","type-post","status-publish","format-standard","has-post-thumbnail","hentry","category-nacionales"],"_links":{"self":[{"href":"https:\/\/panoramadelsur.com.ar\/index.php?rest_route=\/wp\/v2\/posts\/52376","targetHints":{"allow":["GET"]}}],"collection":[{"href":"https:\/\/panoramadelsur.com.ar\/index.php?rest_route=\/wp\/v2\/posts"}],"about":[{"href":"https:\/\/panoramadelsur.com.ar\/index.php?rest_route=\/wp\/v2\/types\/post"}],"author":[{"embeddable":true,"href":"https:\/\/panoramadelsur.com.ar\/index.php?rest_route=\/wp\/v2\/users\/1"}],"replies":[{"embeddable":true,"href":"https:\/\/panoramadelsur.com.ar\/index.php?rest_route=%2Fwp%2Fv2%2Fcomments&post=52376"}],"version-history":[{"count":1,"href":"https:\/\/panoramadelsur.com.ar\/index.php?rest_route=\/wp\/v2\/posts\/52376\/revisions"}],"predecessor-version":[{"id":52379,"href":"https:\/\/panoramadelsur.com.ar\/index.php?rest_route=\/wp\/v2\/posts\/52376\/revisions\/52379"}],"wp:featuredmedia":[{"embeddable":true,"href":"https:\/\/panoramadelsur.com.ar\/index.php?rest_route=\/wp\/v2\/media\/52378"}],"wp:attachment":[{"href":"https:\/\/panoramadelsur.com.ar\/index.php?rest_route=%2Fwp%2Fv2%2Fmedia&parent=52376"}],"wp:term":[{"taxonomy":"category","embeddable":true,"href":"https:\/\/panoramadelsur.com.ar\/index.php?rest_route=%2Fwp%2Fv2%2Fcategories&post=52376"},{"taxonomy":"post_tag","embeddable":true,"href":"https:\/\/panoramadelsur.com.ar\/index.php?rest_route=%2Fwp%2Fv2%2Ftags&post=52376"}],"curies":[{"name":"wp","href":"https:\/\/api.w.org\/{rel}","templated":true}]}}