{"id":52380,"date":"2024-05-22T19:23:15","date_gmt":"2024-05-22T22:23:15","guid":{"rendered":"https:\/\/panoramadelsur.com.ar\/?p=52380"},"modified":"2024-05-22T19:23:21","modified_gmt":"2024-05-22T22:23:21","slug":"delegacion-de-zhongnan-university-of-economic-and-law-zuel-de-china-visito-la-universidad-de-quilmes","status":"publish","type":"post","link":"https:\/\/panoramadelsur.com.ar\/?p=52380","title":{"rendered":"DELEGACI\u00d3N DE ZHONGNAN UNIVERSITY OF ECONOMIC AND LAW (ZUEL) DE CHINA VISIT\u00d3 LA UNIVERSIDAD DE QUILMES"},"content":{"rendered":"\n<p>La Universidad Nacional de Quilmes (UNQ) recibi\u00f3 a integrantes de Zhongnan University of Economic and Law (Zuel) de la Rep\u00fablica Popular China para una reuni\u00f3n de trabajo y firma de convenios.<\/p>\n\n\n\n<p>Los representantes chino fueron Yang Canming, Presidente, ZuelL; Lu Yuanping; Director Adjunto del Departamento de Ciencia e Investigaci\u00f3n; Director Ejecutivo de la Base de Innovaci\u00f3n y Talento para la Distribuci\u00f3n de Ingresos y Finanzas P\u00fablicas, Zuel; Sun Qunli, profesor de la Escuela de Finanzas P\u00fablicas y Fiscalidad, subdirector de la Base de Innovaci\u00f3n y Talento para la Distribuci\u00f3n de Ingresos y Finanzas P\u00fablicas, Zuel; Wang Zhengjun, Vicedecano de la Escuela de Educaci\u00f3n Internacional de la Zuel; y Wan Xin, Profesora Asociada de la Academia de Ciencias Sociales, Zuel.<\/p>\n\n\n\n<p>La delegaci\u00f3n china particip\u00f3 de una reuni\u00f3n de trabajo en el Departamento de Econom\u00eda y Administraci\u00f3n (DEA) de la UNQ. Por el DEA-UNQ participaron, Rodolfo Pastore, Director del DEA-UNQ; Sergio Paz, Vicedirector del DEA-UNQ; Gast\u00f3n Benedetti, Coordinador Acad\u00e9mico DEA-UNQ; H\u00e9ctor Bazque, Director Licenciatura en Comercio Internacional, DEA-UNQ; Rub\u00e9n Seijo, Director de la Licenciatura en Gesti\u00f3n de Recursos Humanos y Relaciones Laborales; Juan Santancargelo, Miembro de la Comisi\u00f3n del Doctorado en Desarrollo Econ\u00f3mico de la UNQ; Mart\u00edn Rozengardt, Director de la Especializaci\u00f3n en Relaciones Internacionales y Pol\u00edtica Exterior de la UNQ.<\/p>\n\n\n\n<p>Luego de la reuni\u00f3n de trabajo, la delegaci\u00f3n recorri\u00f3 las instalaciones de la UNQ y se reuni\u00f3 con el rector, Alfredo Alfonso para la firma de convenios.<\/p>\n\n\n\n<p>Por la UNQ participaron Alfredo Alfonso, Rector de la UNQ; Alejandra Zinni, Vicerrectora de la UNQ; Mart\u00edn Rozengardt, Director de la Especializaci\u00f3n en Relaciones Internacionales y Pol\u00edtica Exterior de la UNQ; y Juan Luis M\u00e9rega, Subsecretario de Planificaci\u00f3n y Relaciones Internacionales de la UNQ.<\/p>\n","protected":false},"excerpt":{"rendered":"<p>La Universidad<\/p>\n","protected":false},"author":1,"featured_media":52381,"comment_status":"closed","ping_status":"closed","sticky":false,"template":"","format":"standard","meta":{"footnotes":""},"categories":[2],"tags":[],"class_list":["post-52380","post","type-post","status-publish","format-standard","has-post-thumbnail","hentry","category-quilmes"],"_links":{"self":[{"href":"https:\/\/panoramadelsur.com.ar\/index.php?rest_route=\/wp\/v2\/posts\/52380","targetHints":{"allow":["GET"]}}],"collection":[{"href":"https:\/\/panoramadelsur.com.ar\/index.php?rest_route=\/wp\/v2\/posts"}],"about":[{"href":"https:\/\/panoramadelsur.com.ar\/index.php?rest_route=\/wp\/v2\/types\/post"}],"author":[{"embeddable":true,"href":"https:\/\/panoramadelsur.com.ar\/index.php?rest_route=\/wp\/v2\/users\/1"}],"replies":[{"embeddable":true,"href":"https:\/\/panoramadelsur.com.ar\/index.php?rest_route=%2Fwp%2Fv2%2Fcomments&post=52380"}],"version-history":[{"count":1,"href":"https:\/\/panoramadelsur.com.ar\/index.php?rest_route=\/wp\/v2\/posts\/52380\/revisions"}],"predecessor-version":[{"id":52382,"href":"https:\/\/panoramadelsur.com.ar\/index.php?rest_route=\/wp\/v2\/posts\/52380\/revisions\/52382"}],"wp:featuredmedia":[{"embeddable":true,"href":"https:\/\/panoramadelsur.com.ar\/index.php?rest_route=\/wp\/v2\/media\/52381"}],"wp:attachment":[{"href":"https:\/\/panoramadelsur.com.ar\/index.php?rest_route=%2Fwp%2Fv2%2Fmedia&parent=52380"}],"wp:term":[{"taxonomy":"category","embeddable":true,"href":"https:\/\/panoramadelsur.com.ar\/index.php?rest_route=%2Fwp%2Fv2%2Fcategories&post=52380"},{"taxonomy":"post_tag","embeddable":true,"href":"https:\/\/panoramadelsur.com.ar\/index.php?rest_route=%2Fwp%2Fv2%2Ftags&post=52380"}],"curies":[{"name":"wp","href":"https:\/\/api.w.org\/{rel}","templated":true}]}}