{"id":52383,"date":"2024-05-22T19:26:07","date_gmt":"2024-05-22T22:26:07","guid":{"rendered":"https:\/\/panoramadelsur.com.ar\/?p=52383"},"modified":"2024-05-22T19:26:07","modified_gmt":"2024-05-22T22:26:07","slug":"guillermo-moreno-dijo-que-milei-conduce-un-gobierno-de-trastornados-y-afirmo-la-solucion-es-que-se-vayan","status":"publish","type":"post","link":"https:\/\/panoramadelsur.com.ar\/?p=52383","title":{"rendered":"GUILLERMO MORENO DIJO QUE MILEI CONDUCE UN GOBIERNO DE \u00abTRASTORNADOS\u00bb Y AFIRM\u00d3: \u00abLA SOLUCI\u00d3N ES QUE SE VAYAN\u00bb"},"content":{"rendered":"\n<p>El ex secretario de Comercio Interior Guillermo Moreno dijo hoy que el presidente Javier Milei conduce un gobierno de \u201ctrastornados\u201d y afirm\u00f3: \u201cLa soluci\u00f3n es que se vayan\u201d.<\/p>\n\n\n\n<p>\u201cEste tipo (Javier Milei) conduce un gobierno de trastornados, Caputo un lud\u00f3pata, la Mondino, est\u00e1 totalmente perdida, no sabe ni donde est\u00e1 la nariz, ninguno est\u00e1 normal\u201d, critic\u00f3 Moreno en el canal Laca Stream.<\/p>\n\n\n\n<p>En esa l\u00ednea, el dirigente peronista argument\u00f3: \u201cLo fiscal y lo monetario est\u00e1 roto, el sector externo est\u00e1 hecho un desastre, imaginate que la soluci\u00f3n de ellos es importar alimentos, \u00bfc\u00f3mo la Argentina va a importar alimentos?\u201d.<\/p>\n\n\n\n<p>Moreno se\u00f1al\u00f3 adem\u00e1s que el Ejecutivo pide que los ahorros sean destinados a \u201ccuenta corriente\u201d. \u201cEl ahorro quieren que lo uses para comprar la leche, no invertir, es una cosa de locos, nunca se vio esta estupidez, la soluci\u00f3n es que este gobierno se vaya, yo dije que se va en 4 o 6 meses\u201d.<\/p>\n\n\n\n<p>Tambi\u00e9n habl\u00f3 sobre la \u201creunificaci\u00f3n\u201d del peronismo y destac\u00f3 que en la organizaci\u00f3n de la fuerza pol\u00edtica van a estar el diputado nacional Miguel \u00c1ngel Pichetto, la ex presidenta Cristina Kirchner, la ex legisladora Graciela Cama\u00f1o y el gobernador bonaerense Axel Kicillof.<\/p>\n\n\n\n<p>\u201cPichetto en la reunificaci\u00f3n del peronismo va a estar, van a estar todos, la negra Cama\u00f1o, Cristina, todos, hasta Kicillof, si no habla de econom\u00eda\u201d, ironiz\u00f3 el dirigente del PJ.<\/p>\n","protected":false},"excerpt":{"rendered":"<p>El ex<\/p>\n","protected":false},"author":1,"featured_media":52384,"comment_status":"closed","ping_status":"closed","sticky":false,"template":"","format":"standard","meta":{"footnotes":""},"categories":[4],"tags":[],"class_list":["post-52383","post","type-post","status-publish","format-standard","has-post-thumbnail","hentry","category-nacionales"],"_links":{"self":[{"href":"https:\/\/panoramadelsur.com.ar\/index.php?rest_route=\/wp\/v2\/posts\/52383","targetHints":{"allow":["GET"]}}],"collection":[{"href":"https:\/\/panoramadelsur.com.ar\/index.php?rest_route=\/wp\/v2\/posts"}],"about":[{"href":"https:\/\/panoramadelsur.com.ar\/index.php?rest_route=\/wp\/v2\/types\/post"}],"author":[{"embeddable":true,"href":"https:\/\/panoramadelsur.com.ar\/index.php?rest_route=\/wp\/v2\/users\/1"}],"replies":[{"embeddable":true,"href":"https:\/\/panoramadelsur.com.ar\/index.php?rest_route=%2Fwp%2Fv2%2Fcomments&post=52383"}],"version-history":[{"count":1,"href":"https:\/\/panoramadelsur.com.ar\/index.php?rest_route=\/wp\/v2\/posts\/52383\/revisions"}],"predecessor-version":[{"id":52385,"href":"https:\/\/panoramadelsur.com.ar\/index.php?rest_route=\/wp\/v2\/posts\/52383\/revisions\/52385"}],"wp:featuredmedia":[{"embeddable":true,"href":"https:\/\/panoramadelsur.com.ar\/index.php?rest_route=\/wp\/v2\/media\/52384"}],"wp:attachment":[{"href":"https:\/\/panoramadelsur.com.ar\/index.php?rest_route=%2Fwp%2Fv2%2Fmedia&parent=52383"}],"wp:term":[{"taxonomy":"category","embeddable":true,"href":"https:\/\/panoramadelsur.com.ar\/index.php?rest_route=%2Fwp%2Fv2%2Fcategories&post=52383"},{"taxonomy":"post_tag","embeddable":true,"href":"https:\/\/panoramadelsur.com.ar\/index.php?rest_route=%2Fwp%2Fv2%2Ftags&post=52383"}],"curies":[{"name":"wp","href":"https:\/\/api.w.org\/{rel}","templated":true}]}}