{"id":52399,"date":"2024-05-23T01:06:00","date_gmt":"2024-05-23T04:06:00","guid":{"rendered":"https:\/\/panoramadelsur.com.ar\/?p=52399"},"modified":"2024-05-22T20:10:21","modified_gmt":"2024-05-22T23:10:21","slug":"comenzo-la-etapa-local-de-los-juegos-bonaerenses-en-florencio-varela","status":"publish","type":"post","link":"https:\/\/panoramadelsur.com.ar\/?p=52399","title":{"rendered":"COMENZ\u00d3 LA ETAPA LOCAL DE LOS JUEGOS BONAERENSES EN FLORENCIO VARELA"},"content":{"rendered":"\n<p>La edici\u00f3n 2024 del tradicional certamen renov\u00f3 las esperanzas de alcanzar la gloria con la conquista de metas prestablecidas tras medirse ante los mejores exponentes de la provincia de Buenos Aires.<\/p>\n\n\n\n<p>Paso a paso. El primer desaf\u00edo: disputar las contiendas entre varelenses. Ayer mi\u00e9rcoles, en la fecha inaugural, fue el turno del parab\u00e1dminton en el Polideportivo Municipal \u201cLa Patriada\u201d.<\/p>\n\n\n\n<p>El intendente Andr\u00e9s Watson, junto al secretario de Cultura, Deportes y Recreaci\u00f3n -Mauricio Rodr\u00edguez-, observ\u00f3 el desarrollo de la actividad, convers\u00f3 con las y los protagonistas, familias m\u00e1s docentes.<\/p>\n\n\n\n<p>El coordinador de la disciplina, Facundo Javier, describi\u00f3 la jornada con \u201cla participaci\u00f3n de unos 30 chicos y chicas, provenientes de distintos barrios, en diferentes clases: de pie, en silla de ruedas, intelectuales con un desempe\u00f1o recreativo\u201d.<\/p>\n\n\n\n<p>M\u00e1ximo G\u00f3mez fue uno de los competidores en cancha. \u201cMe form\u00e9 ac\u00e1, en esta instituci\u00f3n. Hoy, arrancamos muy bien en la competici\u00f3n\u201d, coment\u00f3 el joven que anhel\u00f3 \u201cllegar al oro\u201d, pero siempre con el objetivo de \u201cdisfrutarlo\u201d.<\/p>\n\n\n\n<p>El Mandatario Comunal tambi\u00e9n salud\u00f3 a las y los medallistas del Torneo Nacional de parab\u00e1dminton de Santa Teresita y del Regional de b\u00e1dminton en Tandil.<\/p>\n","protected":false},"excerpt":{"rendered":"<p>La edici\u00f3n<\/p>\n","protected":false},"author":1,"featured_media":52400,"comment_status":"closed","ping_status":"closed","sticky":false,"template":"","format":"standard","meta":{"footnotes":""},"categories":[6],"tags":[30],"class_list":["post-52399","post","type-post","status-publish","format-standard","has-post-thumbnail","hentry","category-deportes","tag-varela"],"_links":{"self":[{"href":"https:\/\/panoramadelsur.com.ar\/index.php?rest_route=\/wp\/v2\/posts\/52399","targetHints":{"allow":["GET"]}}],"collection":[{"href":"https:\/\/panoramadelsur.com.ar\/index.php?rest_route=\/wp\/v2\/posts"}],"about":[{"href":"https:\/\/panoramadelsur.com.ar\/index.php?rest_route=\/wp\/v2\/types\/post"}],"author":[{"embeddable":true,"href":"https:\/\/panoramadelsur.com.ar\/index.php?rest_route=\/wp\/v2\/users\/1"}],"replies":[{"embeddable":true,"href":"https:\/\/panoramadelsur.com.ar\/index.php?rest_route=%2Fwp%2Fv2%2Fcomments&post=52399"}],"version-history":[{"count":1,"href":"https:\/\/panoramadelsur.com.ar\/index.php?rest_route=\/wp\/v2\/posts\/52399\/revisions"}],"predecessor-version":[{"id":52401,"href":"https:\/\/panoramadelsur.com.ar\/index.php?rest_route=\/wp\/v2\/posts\/52399\/revisions\/52401"}],"wp:featuredmedia":[{"embeddable":true,"href":"https:\/\/panoramadelsur.com.ar\/index.php?rest_route=\/wp\/v2\/media\/52400"}],"wp:attachment":[{"href":"https:\/\/panoramadelsur.com.ar\/index.php?rest_route=%2Fwp%2Fv2%2Fmedia&parent=52399"}],"wp:term":[{"taxonomy":"category","embeddable":true,"href":"https:\/\/panoramadelsur.com.ar\/index.php?rest_route=%2Fwp%2Fv2%2Fcategories&post=52399"},{"taxonomy":"post_tag","embeddable":true,"href":"https:\/\/panoramadelsur.com.ar\/index.php?rest_route=%2Fwp%2Fv2%2Ftags&post=52399"}],"curies":[{"name":"wp","href":"https:\/\/api.w.org\/{rel}","templated":true}]}}