{"id":52408,"date":"2024-05-23T01:01:00","date_gmt":"2024-05-23T04:01:00","guid":{"rendered":"https:\/\/panoramadelsur.com.ar\/?p=52408"},"modified":"2024-05-22T20:33:41","modified_gmt":"2024-05-22T23:33:41","slug":"anses-calendarios-de-pago-de-este-jueves-23-de-mayo","status":"publish","type":"post","link":"https:\/\/panoramadelsur.com.ar\/?p=52408","title":{"rendered":"ANSES: CALENDARIOS DE PAGO DE ESTE JUEVES 23 DE MAYO"},"content":{"rendered":"\n<p>Se informa que\u00a0este jueves comienzan los pagos de las jubilaciones y pensiones que SUPEREN un haber m\u00ednimo, terminan los de la Asignaci\u00f3n por Embarazo y contin\u00faan los de la Prestaci\u00f3n por Desempleo.<\/p>\n\n\n\n<p><strong>Jubilaciones y pensiones que SUPEREN un haber m\u00ednimo<\/strong><\/p>\n\n\n\n<p>Titulares con documentos finalizados en<strong>&nbsp;0&nbsp;<\/strong>y<strong>&nbsp;1&nbsp;<\/strong>cobran el mensual con el 11,01 por ciento de aumento por movilidad.<\/p>\n\n\n\n<p><strong>Asignaci\u00f3n por Embarazo<\/strong><\/p>\n\n\n\n<p>Titulares con documentos concluidos en&nbsp;<strong>9<\/strong>.<\/p>\n\n\n\n<p><strong>Prestaci\u00f3n por Desempleo<\/strong><\/p>\n\n\n\n<p>Titulares con documentos terminados en&nbsp;<strong>2<\/strong>&nbsp;y&nbsp;<strong>3<\/strong>.<\/p>\n","protected":false},"excerpt":{"rendered":"<p>Se informa<\/p>\n","protected":false},"author":1,"featured_media":51807,"comment_status":"closed","ping_status":"closed","sticky":false,"template":"","format":"standard","meta":{"footnotes":""},"categories":[4,8],"tags":[59],"class_list":["post-52408","post","type-post","status-publish","format-standard","has-post-thumbnail","hentry","category-nacionales","category-para-agendar","tag-nacionales"],"_links":{"self":[{"href":"https:\/\/panoramadelsur.com.ar\/index.php?rest_route=\/wp\/v2\/posts\/52408","targetHints":{"allow":["GET"]}}],"collection":[{"href":"https:\/\/panoramadelsur.com.ar\/index.php?rest_route=\/wp\/v2\/posts"}],"about":[{"href":"https:\/\/panoramadelsur.com.ar\/index.php?rest_route=\/wp\/v2\/types\/post"}],"author":[{"embeddable":true,"href":"https:\/\/panoramadelsur.com.ar\/index.php?rest_route=\/wp\/v2\/users\/1"}],"replies":[{"embeddable":true,"href":"https:\/\/panoramadelsur.com.ar\/index.php?rest_route=%2Fwp%2Fv2%2Fcomments&post=52408"}],"version-history":[{"count":1,"href":"https:\/\/panoramadelsur.com.ar\/index.php?rest_route=\/wp\/v2\/posts\/52408\/revisions"}],"predecessor-version":[{"id":52409,"href":"https:\/\/panoramadelsur.com.ar\/index.php?rest_route=\/wp\/v2\/posts\/52408\/revisions\/52409"}],"wp:featuredmedia":[{"embeddable":true,"href":"https:\/\/panoramadelsur.com.ar\/index.php?rest_route=\/wp\/v2\/media\/51807"}],"wp:attachment":[{"href":"https:\/\/panoramadelsur.com.ar\/index.php?rest_route=%2Fwp%2Fv2%2Fmedia&parent=52408"}],"wp:term":[{"taxonomy":"category","embeddable":true,"href":"https:\/\/panoramadelsur.com.ar\/index.php?rest_route=%2Fwp%2Fv2%2Fcategories&post=52408"},{"taxonomy":"post_tag","embeddable":true,"href":"https:\/\/panoramadelsur.com.ar\/index.php?rest_route=%2Fwp%2Fv2%2Ftags&post=52408"}],"curies":[{"name":"wp","href":"https:\/\/api.w.org\/{rel}","templated":true}]}}