{"id":52418,"date":"2024-05-27T01:02:00","date_gmt":"2024-05-27T04:02:00","guid":{"rendered":"https:\/\/panoramadelsur.com.ar\/?p=52418"},"modified":"2024-05-22T20:54:16","modified_gmt":"2024-05-22T23:54:16","slug":"varela-apostar-por-el-emprendedurismo-local","status":"publish","type":"post","link":"https:\/\/panoramadelsur.com.ar\/?p=52418","title":{"rendered":"VARELA: APOSTAR POR EL EMPRENDEDURISMO LOCAL"},"content":{"rendered":"\n<p>Como parte de las pol\u00edticas p\u00fablicas vinculadas al \u00e1mbito econ\u00f3mico, desde 2017 la Comuna impulsa la Escuela de Emprendedores: una instancia de formaci\u00f3n, asesoramiento, asistencia y promoci\u00f3n de proyectos autogestivos.<\/p>\n\n\n\n<p>Hasta el viernes 31 de mayo, el Ejecutivo varelense abre la inscripci\u00f3n para sumarse a la iniciativa a trav\u00e9s del portal www.varela.gob.ar\/desarrolloproductivo.<\/p>\n\n\n\n<p>La subsecretaria de Industria, Inversiones y Competitividad PyME -Anal\u00eda Aguirre Luro- explica \u201cla estrategia dise\u00f1ada bajo la premisa de fortalecer los emprendimientos ya existentes, as\u00ed como para quienes comienzan en esta esfera productiva\u201d.<\/p>\n\n\n\n<p>La funcionaria detalla: \u201cBrindamos los conocimientos te\u00f3rico-pr\u00e1cticos relacionados con este campo, pero tambi\u00e9n acompa\u00f1amos el trayecto de crecimiento, la inserci\u00f3n y la comercializaci\u00f3n a fin de expandir cada unidad de negocio\u201d.<\/p>\n","protected":false},"excerpt":{"rendered":"<p>Como parte<\/p>\n","protected":false},"author":1,"featured_media":52419,"comment_status":"closed","ping_status":"closed","sticky":false,"template":"","format":"standard","meta":{"footnotes":""},"categories":[8,3],"tags":[30],"class_list":["post-52418","post","type-post","status-publish","format-standard","has-post-thumbnail","hentry","category-para-agendar","category-regionales","tag-varela"],"_links":{"self":[{"href":"https:\/\/panoramadelsur.com.ar\/index.php?rest_route=\/wp\/v2\/posts\/52418","targetHints":{"allow":["GET"]}}],"collection":[{"href":"https:\/\/panoramadelsur.com.ar\/index.php?rest_route=\/wp\/v2\/posts"}],"about":[{"href":"https:\/\/panoramadelsur.com.ar\/index.php?rest_route=\/wp\/v2\/types\/post"}],"author":[{"embeddable":true,"href":"https:\/\/panoramadelsur.com.ar\/index.php?rest_route=\/wp\/v2\/users\/1"}],"replies":[{"embeddable":true,"href":"https:\/\/panoramadelsur.com.ar\/index.php?rest_route=%2Fwp%2Fv2%2Fcomments&post=52418"}],"version-history":[{"count":1,"href":"https:\/\/panoramadelsur.com.ar\/index.php?rest_route=\/wp\/v2\/posts\/52418\/revisions"}],"predecessor-version":[{"id":52420,"href":"https:\/\/panoramadelsur.com.ar\/index.php?rest_route=\/wp\/v2\/posts\/52418\/revisions\/52420"}],"wp:featuredmedia":[{"embeddable":true,"href":"https:\/\/panoramadelsur.com.ar\/index.php?rest_route=\/wp\/v2\/media\/52419"}],"wp:attachment":[{"href":"https:\/\/panoramadelsur.com.ar\/index.php?rest_route=%2Fwp%2Fv2%2Fmedia&parent=52418"}],"wp:term":[{"taxonomy":"category","embeddable":true,"href":"https:\/\/panoramadelsur.com.ar\/index.php?rest_route=%2Fwp%2Fv2%2Fcategories&post=52418"},{"taxonomy":"post_tag","embeddable":true,"href":"https:\/\/panoramadelsur.com.ar\/index.php?rest_route=%2Fwp%2Fv2%2Ftags&post=52418"}],"curies":[{"name":"wp","href":"https:\/\/api.w.org\/{rel}","templated":true}]}}