{"id":52421,"date":"2024-05-23T01:06:00","date_gmt":"2024-05-23T04:06:00","guid":{"rendered":"https:\/\/panoramadelsur.com.ar\/?p=52421"},"modified":"2024-05-22T21:00:13","modified_gmt":"2024-05-23T00:00:13","slug":"nueva-jornada-integral-de-limpieza-en-berazategui","status":"publish","type":"post","link":"https:\/\/panoramadelsur.com.ar\/?p=52421","title":{"rendered":"NUEVA JORNADA INTEGRAL DE LIMPIEZA EN BERAZATEGUI"},"content":{"rendered":"\n<p>El s\u00e1bado 18 de mayo se realiz\u00f3 una nueva jornada de limpieza integral en Berazategui, en esta ocasi\u00f3n en los barrios San Juan y Alejandro I. El intendente, Juan Jos\u00e9 Mussi, visit\u00f3 ambos barrios donde distintas \u00e1reas de la Municipalidad desarrollaron los trabajos.<\/p>\n\n\n\n<p>El subsecretario municipal de Automotores, Federico Pereyra, explic\u00f3: \u201cEsta es una iniciativa del intendente Mussi, que busca mantener la limpieza en los barrios y que se sumen vecinos y vecinas, porque es responsabilidad de todos tener una ciudad m\u00e1s limpia\u201d.<\/p>\n\n\n\n<p>En los barrios mencionados se realiz\u00f3 limpieza en general, barrido, levantamiento de mont\u00edculos, trabajos de pintura y reparaci\u00f3n de luminarias, entre otras tareas que estuvieron a cargo de las Secretar\u00edas de Obras P\u00fablicas y Servicios P\u00fablicos, junto a la Secretar\u00eda de Gobierno del Municipio, adem\u00e1s de cooperativistas.<\/p>\n","protected":false},"excerpt":{"rendered":"<p>El s\u00e1bado<\/p>\n","protected":false},"author":1,"featured_media":52422,"comment_status":"closed","ping_status":"closed","sticky":false,"template":"","format":"standard","meta":{"footnotes":""},"categories":[3],"tags":[40],"class_list":["post-52421","post","type-post","status-publish","format-standard","has-post-thumbnail","hentry","category-regionales","tag-berazategui"],"_links":{"self":[{"href":"https:\/\/panoramadelsur.com.ar\/index.php?rest_route=\/wp\/v2\/posts\/52421","targetHints":{"allow":["GET"]}}],"collection":[{"href":"https:\/\/panoramadelsur.com.ar\/index.php?rest_route=\/wp\/v2\/posts"}],"about":[{"href":"https:\/\/panoramadelsur.com.ar\/index.php?rest_route=\/wp\/v2\/types\/post"}],"author":[{"embeddable":true,"href":"https:\/\/panoramadelsur.com.ar\/index.php?rest_route=\/wp\/v2\/users\/1"}],"replies":[{"embeddable":true,"href":"https:\/\/panoramadelsur.com.ar\/index.php?rest_route=%2Fwp%2Fv2%2Fcomments&post=52421"}],"version-history":[{"count":1,"href":"https:\/\/panoramadelsur.com.ar\/index.php?rest_route=\/wp\/v2\/posts\/52421\/revisions"}],"predecessor-version":[{"id":52423,"href":"https:\/\/panoramadelsur.com.ar\/index.php?rest_route=\/wp\/v2\/posts\/52421\/revisions\/52423"}],"wp:featuredmedia":[{"embeddable":true,"href":"https:\/\/panoramadelsur.com.ar\/index.php?rest_route=\/wp\/v2\/media\/52422"}],"wp:attachment":[{"href":"https:\/\/panoramadelsur.com.ar\/index.php?rest_route=%2Fwp%2Fv2%2Fmedia&parent=52421"}],"wp:term":[{"taxonomy":"category","embeddable":true,"href":"https:\/\/panoramadelsur.com.ar\/index.php?rest_route=%2Fwp%2Fv2%2Fcategories&post=52421"},{"taxonomy":"post_tag","embeddable":true,"href":"https:\/\/panoramadelsur.com.ar\/index.php?rest_route=%2Fwp%2Fv2%2Ftags&post=52421"}],"curies":[{"name":"wp","href":"https:\/\/api.w.org\/{rel}","templated":true}]}}