{"id":52427,"date":"2024-05-22T01:05:00","date_gmt":"2024-05-22T04:05:00","guid":{"rendered":"https:\/\/panoramadelsur.com.ar\/?p=52427"},"modified":"2024-05-23T19:16:19","modified_gmt":"2024-05-23T22:16:19","slug":"javier-rodriguez-seguimos-construyendo-politicas-para-dar-previsibilidad-al-productor-bonaerense","status":"publish","type":"post","link":"https:\/\/panoramadelsur.com.ar\/?p=52427","title":{"rendered":"JAVIER RODR\u00cdGUEZ: \u00abSEGUIMOS CONSTRUYENDO POL\u00cdTICAS PARA DAR PREVISIBILIDAD AL PRODUCTOR BONAERENSE\u00bb"},"content":{"rendered":"\n<p>El ministro de Desarrollo Agrario de la provincia de Buenos Aires, Javier Rodr\u00edguez, mantuvo una reuni\u00f3n con productores agropecuarios y autoridades de la Sociedad Rural de Mercedes para dialogar sobre la situaci\u00f3n del sector, sus desaf\u00edos y las acciones que lleva adelante el MDA para acompa\u00f1ar y fortalecer la producci\u00f3n y el desarrollo local.<\/p>\n\n\n\n<p>\u201cDesde la Provincia seguimos trabajando de forma articulada con el sector agropecuario para construir pol\u00edticas y generar herramientas que permitan darle previsibilidad al productor bonaerense frente a una situaci\u00f3n macroecon\u00f3mica sumamente compleja a causa de las acciones que viene llevando adelante el gobierno nacional. Hoy vemos pr\u00e1cticamente un abandono por parte del Estado nacional hacia los productores, especialmente hacia los peque\u00f1os y medianos; nos enteramos por los diarios que el gobierno nacional disolvi\u00f3 el Fondagro y esto se suma al freno en los hechos de la ley ovina nacional y el incumplimiento de la ley de emergencia, junto con un conjunto de obras que est\u00e1n paralizadas sin respuestas claras. Por eso, ante el abandono del gobierno nacional, desde la Provincia continuamos acompa\u00f1ando a los productores bonaerenses y asisti\u00e9ndolos en este dif\u00edcil contexto\u201d, se\u00f1al\u00f3 el ministro.<\/p>\n\n\n\n<p>Durante la reuni\u00f3n, el titular de la cartera agraria bonaerense destac\u00f3 las l\u00edneas de financiamiento para la mejora en el tratamiento de efluentes en los establecimientos tamberos, la implementaci\u00f3n de biodigestores, la mejora ganadera bonaerense y el Plan de Prevenci\u00f3n y Erradicaci\u00f3n de las Enfermedades de Transmisi\u00f3n Sexual en bovinos, junto con los cr\u00e9ditos otorgados por el MDA y el Banco Provincia al sector lechero en el marco de la emergencia agropecuaria.<\/p>\n\n\n\n<p>Adem\u00e1s, se resalt\u00f3 la importancia de la nueva reglamentaci\u00f3n para la utilizaci\u00f3n agron\u00f3mica de purines de origen porcino para aprovechar los recursos y llevar adelante una producci\u00f3n m\u00e1s sustentable.<\/p>\n\n\n\n<p>En ese marco, productores plantearon su preocupaci\u00f3n sobre la apertura de la importaci\u00f3n de alimentos, especialmente carne porcina y derivados, y coincidieron en que genera una competencia desventajosa.<\/p>\n\n\n\n<p>En el encuentro tambi\u00e9n se dialog\u00f3 sobre el programa Impulso Joven, que brinda financiamiento y acompa\u00f1amiento t\u00e9cnico a productores rurales de entre 18 y 24 a\u00f1os que quieran iniciar un proyecto vinculado al \u00e1mbito rural-agroalimentario o potenciar uno ya existente que tienda a generar impacto a nivel regional y, por lo tanto, contribuya al desarrollo local. Asimismo, se destac\u00f3 el trabajo que lleva adelante la Chacra Experimental MDA Mercedes para acompa\u00f1ar y potenciar la producci\u00f3n de la regi\u00f3n.<\/p>\n\n\n\n<p>Del encuentro particip\u00f3 el presidente de la Sociedad Rural local, Leonardo Fagundez, quien agradeci\u00f3 el di\u00e1logo y la presencia del ministro.<\/p>\n\n\n\n<p>En el marco de su visita a Mercedes, el titular del MDA y el intendente local, Juan Ignacio Ustarroz, firmaron la adhesi\u00f3n del municipio al programa Mercados Bonaerenses, que busca impulsar una comercializaci\u00f3n directa y equitativa de los alimentos en la provincia de Buenos Aires.<\/p>\n\n\n\n<p>Por otro lado, con un acto en la Chacra Experimental de Mercedes, el ministro Javier Rodr\u00edguez encabez\u00f3 la firma de un acta de intenci\u00f3n entre el MDA, la empresa Apolo Biotech y la Comisi\u00f3n de Investigaciones Cient\u00edficas de la PBA para avanzar en ensayos para el desarrollo de biotecnolog\u00eda agr\u00edcola para la protecci\u00f3n de cultivos, reduciendo as\u00ed la utilizaci\u00f3n de agroqu\u00edmicos tradicionales.<\/p>\n\n\n\n<p>A partir de la firma del convenio con la cartera agraria y la CIC, se planea llevar adelante diferentes ensayos en la Chacra Experimental de Mercedes, Miramar y la Estaci\u00f3n Experimental de Gorina.<\/p>\n\n\n\n<p>Del acto participaron el presidente de la CIC, Roberto Salvareza, y el CEO de la empresa Apolo, Mat\u00edas Badano.<\/p>\n\n\n\n<p>Adem\u00e1s, como parte del acuerdo que el Ministerio de Desarrollo Agrario mantiene con la CIC, se otorgaron un total de 22 becas doctorales y de formaci\u00f3n, que permitir\u00e1n fortalecer las capacidades de investigaci\u00f3n de las Chacras Experimentales del MDA y potenciar el desarrollo de innovaci\u00f3n aplicada a la producci\u00f3n agropecuaria y agroalimentaria.<\/p>\n\n\n\n<p>El ministro Javier Rodr\u00edguez estuvo acompa\u00f1ado por el subsecretario de Desarrollo Agrario y Calidad Agroalimentaria, Cristian Amarilla; su jefe de Gabinete, Javier Cernadas; el director provincial de Innovaci\u00f3n Productiva, Emiliano Cucciufo; y la responsable de la Chacra Experimental de Mercedes, Aylin Gollo.<\/p>\n","protected":false},"excerpt":{"rendered":"<p>El ministro<\/p>\n","protected":false},"author":1,"featured_media":52453,"comment_status":"closed","ping_status":"closed","sticky":false,"template":"","format":"standard","meta":{"footnotes":""},"categories":[5],"tags":[],"class_list":["post-52427","post","type-post","status-publish","format-standard","has-post-thumbnail","hentry","category-provincia"],"_links":{"self":[{"href":"https:\/\/panoramadelsur.com.ar\/index.php?rest_route=\/wp\/v2\/posts\/52427","targetHints":{"allow":["GET"]}}],"collection":[{"href":"https:\/\/panoramadelsur.com.ar\/index.php?rest_route=\/wp\/v2\/posts"}],"about":[{"href":"https:\/\/panoramadelsur.com.ar\/index.php?rest_route=\/wp\/v2\/types\/post"}],"author":[{"embeddable":true,"href":"https:\/\/panoramadelsur.com.ar\/index.php?rest_route=\/wp\/v2\/users\/1"}],"replies":[{"embeddable":true,"href":"https:\/\/panoramadelsur.com.ar\/index.php?rest_route=%2Fwp%2Fv2%2Fcomments&post=52427"}],"version-history":[{"count":1,"href":"https:\/\/panoramadelsur.com.ar\/index.php?rest_route=\/wp\/v2\/posts\/52427\/revisions"}],"predecessor-version":[{"id":52454,"href":"https:\/\/panoramadelsur.com.ar\/index.php?rest_route=\/wp\/v2\/posts\/52427\/revisions\/52454"}],"wp:featuredmedia":[{"embeddable":true,"href":"https:\/\/panoramadelsur.com.ar\/index.php?rest_route=\/wp\/v2\/media\/52453"}],"wp:attachment":[{"href":"https:\/\/panoramadelsur.com.ar\/index.php?rest_route=%2Fwp%2Fv2%2Fmedia&parent=52427"}],"wp:term":[{"taxonomy":"category","embeddable":true,"href":"https:\/\/panoramadelsur.com.ar\/index.php?rest_route=%2Fwp%2Fv2%2Fcategories&post=52427"},{"taxonomy":"post_tag","embeddable":true,"href":"https:\/\/panoramadelsur.com.ar\/index.php?rest_route=%2Fwp%2Fv2%2Ftags&post=52427"}],"curies":[{"name":"wp","href":"https:\/\/api.w.org\/{rel}","templated":true}]}}