{"id":52447,"date":"2024-05-23T01:01:00","date_gmt":"2024-05-23T04:01:00","guid":{"rendered":"https:\/\/panoramadelsur.com.ar\/?p=52447"},"modified":"2024-05-23T19:08:30","modified_gmt":"2024-05-23T22:08:30","slug":"misiones-los-policias-rechazaron-la-oferta-del-30-de-aumento-y-continua-el-conflicto","status":"publish","type":"post","link":"https:\/\/panoramadelsur.com.ar\/?p=52447","title":{"rendered":"MISIONES: LOS POLIC\u00cdAS RECHAZARON LA OFERTA DEL 30% DE AUMENTO Y CONTIN\u00daA EL CONFLICTO"},"content":{"rendered":"\n<p>La Polic\u00eda de Misiones rechaz\u00f3 esta tarde la propuesta del 30 por ciento de aumento que les ofreci\u00f3 el Gobierno provincial, seg\u00fan especific\u00f3 el vocero Ram\u00f3n Amarilla en declaraciones televisivas a la salida del encuentro.<\/p>\n\n\n\n<p>Amarilla afirm\u00f3 que los funcionarios misioneros ofrecieron un 30 por ciento como \u00abm\u00e1ximo esfuerzo\u00bb. La asamblea de polic\u00edas rechaz\u00f3 la oferta y reclam\u00f3 el 100 por ciento de aumento salarial.<\/p>\n\n\n\n<p>\u201cVamos a respetar lo que dice la asamblea. Nosotros respetuosamente vamos a tener que comunicarle que no aceptamos. El personal policial viene con una esperanza ac\u00e1, ese monto es irrisorio\u00bb, a\u00f1adi\u00f3 Amarilla.<\/p>\n\n\n\n<p>M\u00e1s temprano, el ministro de Gobierno misionero, Marcelo P\u00e9rez, asegur\u00f3 que la \u00absublevaci\u00f3n\u00bb de la Polic\u00eda provincial es \u00abinadmisible\u00bb y lanz\u00f3 una dura advertencia para los efectivos que se plieguen a la medida al sostener que ser\u00e1n echados de la fuerza.<\/p>\n\n\n\n<p>Seg\u00fan especific\u00f3 P\u00e9rez en declaraciones radiales y consultado por el posible despido de los agentes, resalt\u00f3 la existencia de una \u201cdenuncia penal y esa denuncia determinar\u00e1 las responsabilidades\u201d.<\/p>\n\n\n\n<p>En esa l\u00ednea, sum\u00f3: \u00abNo pueden utilizar bienes del Estado para protestar. Est\u00e1 fuera de la ley\u00bb. Adem\u00e1s, afirm\u00f3 que los polic\u00edas cometieran un c\u00famulo de acciones como los \u201c28 m\u00f3viles policiales que fueron robados\u201d y est\u00e1n \u201csiendo utilizados para cualquier cosa\u00bb.<\/p>\n","protected":false},"excerpt":{"rendered":"<p>La Polic\u00eda<\/p>\n","protected":false},"author":1,"featured_media":52448,"comment_status":"closed","ping_status":"closed","sticky":false,"template":"","format":"standard","meta":{"footnotes":""},"categories":[10,4],"tags":[],"class_list":["post-52447","post","type-post","status-publish","format-standard","has-post-thumbnail","hentry","category-mas-noticias","category-nacionales"],"_links":{"self":[{"href":"https:\/\/panoramadelsur.com.ar\/index.php?rest_route=\/wp\/v2\/posts\/52447","targetHints":{"allow":["GET"]}}],"collection":[{"href":"https:\/\/panoramadelsur.com.ar\/index.php?rest_route=\/wp\/v2\/posts"}],"about":[{"href":"https:\/\/panoramadelsur.com.ar\/index.php?rest_route=\/wp\/v2\/types\/post"}],"author":[{"embeddable":true,"href":"https:\/\/panoramadelsur.com.ar\/index.php?rest_route=\/wp\/v2\/users\/1"}],"replies":[{"embeddable":true,"href":"https:\/\/panoramadelsur.com.ar\/index.php?rest_route=%2Fwp%2Fv2%2Fcomments&post=52447"}],"version-history":[{"count":1,"href":"https:\/\/panoramadelsur.com.ar\/index.php?rest_route=\/wp\/v2\/posts\/52447\/revisions"}],"predecessor-version":[{"id":52449,"href":"https:\/\/panoramadelsur.com.ar\/index.php?rest_route=\/wp\/v2\/posts\/52447\/revisions\/52449"}],"wp:featuredmedia":[{"embeddable":true,"href":"https:\/\/panoramadelsur.com.ar\/index.php?rest_route=\/wp\/v2\/media\/52448"}],"wp:attachment":[{"href":"https:\/\/panoramadelsur.com.ar\/index.php?rest_route=%2Fwp%2Fv2%2Fmedia&parent=52447"}],"wp:term":[{"taxonomy":"category","embeddable":true,"href":"https:\/\/panoramadelsur.com.ar\/index.php?rest_route=%2Fwp%2Fv2%2Fcategories&post=52447"},{"taxonomy":"post_tag","embeddable":true,"href":"https:\/\/panoramadelsur.com.ar\/index.php?rest_route=%2Fwp%2Fv2%2Ftags&post=52447"}],"curies":[{"name":"wp","href":"https:\/\/api.w.org\/{rel}","templated":true}]}}