{"id":52465,"date":"2024-05-24T01:05:00","date_gmt":"2024-05-24T04:05:00","guid":{"rendered":"https:\/\/panoramadelsur.com.ar\/?p=52465"},"modified":"2024-05-24T01:37:43","modified_gmt":"2024-05-24T04:37:43","slug":"ricardo-alfonsin-y-gustavo-lopez-propondran-una-alternativa-para-construir-una-democracia-social-en-la-provincia-de-buenos-aires","status":"publish","type":"post","link":"https:\/\/panoramadelsur.com.ar\/?p=52465","title":{"rendered":"RICARDO ALFONS\u00cdN Y GUSTAVO L\u00d3PEZ PROPONDR\u00c1N UNA ALTERNATIVA \u00abPARA CONSTRUIR UNA DEMOCRACIA SOCIAL\u00bb EN LA PROVINCIA DE BUENOS AIRES"},"content":{"rendered":"\n<p>Ricardo Alfons\u00edn y Gustavo L\u00f3pez propondr\u00e1n una alternativa&nbsp;\u00abpara construir una Democracia Social\u00bb en la provincia de Buenos Aires, en un encuentro que se realizar\u00e1 el pr\u00f3ximo 28 mayo en el Senado bonaerense.<\/p>\n\n\n\n<p>El objetivo de la convocatoria por parte del dirigente radical y el ex vicepresidente del Ente Nacional de Comunicaciones (ENACOM) es&nbsp;recuperar los valores democr\u00e1ticos, las instituciones republicanas, la educaci\u00f3n, la ciencia y el trabajo.<\/p>\n\n\n\n<p><strong>\u00ab<\/strong>Nuestro pa\u00eds est\u00e1 viviendo momentos de retroceso en materia democr\u00e1tica, econ\u00f3mica y social. Por primera vez en 40 a\u00f1os, un Gobierno elegido por la voluntad popular reivindica la dictadura,&nbsp;aplicando un plan econ\u00f3mico de ajuste salvaje que ataca el empleo, el salario, la industria y el campo\u00bb, aseguraron por medio de un comunicado.<\/p>\n\n\n\n<p>Alfons\u00edn y L\u00f3pez consideran que el Gobierno de Javier Milei &nbsp;toma medidas \u201cen favor de un grupo de empresas transnacionales, extractivistas, que dejar\u00e1n a la Argentina sin recursos\u00bb,&nbsp;y que por ese motivo&nbsp;\u201ce<em>s necesario construir una alternativa que combine las libertades individuales con la equidad y el desarrollo personal con la justicia social<\/em>\u201d.&nbsp;<\/p>\n\n\n\n<p>D\u00edas atr\u00e1s,&nbsp;en di\u00e1logo con Noticias Argentinas,&nbsp;el dirigente radical hab\u00eda mostrado su preocupaci\u00f3n por la situaci\u00f3n social y parlamentaria del pa\u00eds&nbsp;cuando asever\u00f3 que era&nbsp;\u201cuna imprudencia que se le deleguen facultades a&nbsp;Milei\u201d, debido a las&nbsp;\u00abpocas convicciones democr\u00e1ticas\u00bb que tiene.&nbsp;<\/p>\n\n\n\n<p>\u201cSeg\u00fan los fil\u00f3sofos, intelectuales y economistas con los que se form\u00f3, la democracia es un peligro para la econom\u00eda capitalista.&nbsp;Para \u00e9l, la econom\u00eda debe ser aislada y despolitizada de la democracia y eso es muy malo\u201d, destac\u00f3.&nbsp;<\/p>\n\n\n\n<p>La conferencia ser\u00e1 en el Sal\u00f3n \u2018Nunca M\u00e1s\u2019 del Senado de la la Provincia de Buenos Aires (calle 7 y 49 de la Ciudad de La Plata) a las 16:30.&nbsp;<\/p>\n","protected":false},"excerpt":{"rendered":"<p>Ricardo Alfons\u00edn<\/p>\n","protected":false},"author":1,"featured_media":52466,"comment_status":"closed","ping_status":"closed","sticky":false,"template":"","format":"standard","meta":{"footnotes":""},"categories":[5],"tags":[],"class_list":["post-52465","post","type-post","status-publish","format-standard","has-post-thumbnail","hentry","category-provincia"],"_links":{"self":[{"href":"https:\/\/panoramadelsur.com.ar\/index.php?rest_route=\/wp\/v2\/posts\/52465","targetHints":{"allow":["GET"]}}],"collection":[{"href":"https:\/\/panoramadelsur.com.ar\/index.php?rest_route=\/wp\/v2\/posts"}],"about":[{"href":"https:\/\/panoramadelsur.com.ar\/index.php?rest_route=\/wp\/v2\/types\/post"}],"author":[{"embeddable":true,"href":"https:\/\/panoramadelsur.com.ar\/index.php?rest_route=\/wp\/v2\/users\/1"}],"replies":[{"embeddable":true,"href":"https:\/\/panoramadelsur.com.ar\/index.php?rest_route=%2Fwp%2Fv2%2Fcomments&post=52465"}],"version-history":[{"count":1,"href":"https:\/\/panoramadelsur.com.ar\/index.php?rest_route=\/wp\/v2\/posts\/52465\/revisions"}],"predecessor-version":[{"id":52467,"href":"https:\/\/panoramadelsur.com.ar\/index.php?rest_route=\/wp\/v2\/posts\/52465\/revisions\/52467"}],"wp:featuredmedia":[{"embeddable":true,"href":"https:\/\/panoramadelsur.com.ar\/index.php?rest_route=\/wp\/v2\/media\/52466"}],"wp:attachment":[{"href":"https:\/\/panoramadelsur.com.ar\/index.php?rest_route=%2Fwp%2Fv2%2Fmedia&parent=52465"}],"wp:term":[{"taxonomy":"category","embeddable":true,"href":"https:\/\/panoramadelsur.com.ar\/index.php?rest_route=%2Fwp%2Fv2%2Fcategories&post=52465"},{"taxonomy":"post_tag","embeddable":true,"href":"https:\/\/panoramadelsur.com.ar\/index.php?rest_route=%2Fwp%2Fv2%2Ftags&post=52465"}],"curies":[{"name":"wp","href":"https:\/\/api.w.org\/{rel}","templated":true}]}}