{"id":52471,"date":"2024-05-27T01:01:00","date_gmt":"2024-05-27T04:01:00","guid":{"rendered":"https:\/\/panoramadelsur.com.ar\/?p=52471"},"modified":"2024-05-27T18:38:54","modified_gmt":"2024-05-27T21:38:54","slug":"maximo-kirchner-no-es-necesario-volvernos-colonia-para-salir-adelante","status":"publish","type":"post","link":"https:\/\/panoramadelsur.com.ar\/?p=52471","title":{"rendered":"M\u00c1XIMO KIRCHNER: \u00abNO ES NECESARIO VOLVERNOS COLONIA PARA SALIR ADELANTE\u00bb"},"content":{"rendered":"\n<p>El\u00a0diputado nacional de Uni\u00f3n por la Patria (UxP), M\u00e1ximo Kirchner, afirm\u00f3 que\u00a0el presidente Javier Milei \u201ces un conservador\u201d, analiz\u00f3 que \u201cno es necesario volvernos colonia para salir adelante\u201d y expuso que con el gobernador de la provincia de Buenos Aires, Axel Kicillof, son m\u00e1s las coincidencias que las diferencias.<\/p>\n\n\n\n<p>En una\u00a0entrevista con el diario\u00a0<em>El Pa\u00eds\u00a0<\/em>de Espa\u00f1a, el legislador y presidente del Partido Justicialista bonaerense, expres\u00f3:\u00a0\u201cMilei es un conservador.\u00a0Si corremos las luces, apagamos las c\u00e1maras y lo bajamos del escenario lo que queda es un viejo conocido.\u00a0No hay nada nuevo: ajuste, privatizaciones, entrega de recursos y tres flexibilizaciones: la laboral, la impositiva y la ambiental.\u00a0No es necesario volvernos colonia para salir adelante\u201d.<\/p>\n\n\n\n<p>Kirchner atribuye el&nbsp; triunfo del libertario \u201ca un solo motivo: el d\u00eda que Argentina formaliza su acuerdo con el FMI\u201d, en febrero de 2022&nbsp; y explic\u00f3 que ese hecho \u201cagrand\u00f3 la posibilidad de una derrota por las propias condiciones que impusieron en un contexto de pandemia y de guerra de Rusia con la OTAN\u201d.&nbsp;<\/p>\n\n\n\n<p>\u201cEntre 2003-2015 hubo un desendeudamiento, Mauricio Macri tom\u00f3 44.500 millones y el nuevo acuerdo era malo para el pa\u00eds y nos alej\u00f3 de lo que hab\u00edamos prometido en la campa\u00f1a de 2019 y aparecimos como aceptando los hechos\u201d, cont\u00f3 y precis\u00f3 que, por eso, \u00e9l renunci\u00f3 a la presidencia del bloque de diputados peronistas.&nbsp;<\/p>\n\n\n\n<p>Sostuvo que\u00a0\u201clos medios y la fuerza propia nos acusaron de estudiantina, de izquierdista\u201d,\u00a0indic\u00f3 que \u201choy en Europa se quejan de Milei\u201d y reflexion\u00f3: \u201cHubieran ayudado un poco m\u00e1s con el FMI\u201d.<\/p>\n\n\n\n<p>Luego, explic\u00f3 que la derrota electoral del justicialismo puede atribuirse a que\u00a0\u201cla sociedad sabe que todo Gobierno tiene limitaciones, pero si te comprometes a dar peleas las ten\u00e9s que dar\u201d, a la ca\u00edda en la distribuci\u00f3n del ingreso durante el gobierno de Alberto Fern\u00e1ndez y al hecho de que la sociedad \u201cno quiere vivir mal\u201d.<\/p>\n\n\n\n<p>Al ser consultado sobre el cruce entre el presidente argentino y el espa\u00f1ol, Pedro S\u00e1nchez, Kirchner reconoci\u00f3 que \u201cmuchas veces\u201d existen roces entre jefes de Estado, pero dijo que \u201cen el caso de Milei, son mucho m\u00e1s habituales\u201d.<\/p>\n\n\n\n<p>En ese marco, rememor\u00f3 las cr\u00edticas del l\u00edder de La Libertad Avanza con el presidente de Colombia, Gustavo Petro; con el mexicano, Andr\u00e9s Manuel L\u00f3pez Obrador; con el presidente de Brasil, Luiz In\u00e1cio Lula da Silva, pero se\u00f1al\u00f3: \u201cDicho esto, no deja de ser el presidente de mi pa\u00eds, aunque no coincida en nada o en casi nada. Ahora que el ministro de Transporte de Espa\u00f1a diga que consume sustancias no es el mejor camino para tener mejores relaciones\u201d.<\/p>\n\n\n\n<p>Por otro lado, se refiri\u00f3 al atentado contra la expresidenta Cristina Fern\u00e1ndez, y analiz\u00f3 que estuvo \u201cincentivado\u201d por un \u201cdiscurso medi\u00e1tico dominante\u201d y se refiri\u00f3 al lawfare al plantear que \u201cse us\u00f3 el partido judicial para saldar la pol\u00edtica, quer\u00edan suprimir a una fuerza pol\u00edtica\u201d.<\/p>\n\n\n\n<h2 class=\"wp-block-heading\"><strong>Su v\u00ednculo con Kicillof<\/strong><\/h2>\n\n\n\n<p>Al referirse a la situaci\u00f3n actual del peronismo, Kirchner fue consultado sobre sus coincidencias y diferencias con el gobernador Kicillof \u201cCoincidencias, much\u00edsimas. Por eso no se entienden las novelas y culebrones que se arman detr\u00e1s. Axel dio una pelea con los fondos buitres muy importante.\u00a0En las cosas que importan a los argentinos y argentinas las coincidencias est\u00e1n a la vista\u201d, respondi\u00f3.<\/p>\n\n\n\n<p>As\u00ed, contest\u00f3 que \u201chay diferencias l\u00f3gicas\u201d, pero aclar\u00f3 que\u00a0\u201cno es una interna como la de la d\u00e9cada de 1980\u201d, en la que el peronismo dirimi\u00f3, por primera y \u00fanica vez, su candidatura presidencial en elecciones primarias. \u201cLa conductora es la misma y es Cristina. Podemos tener miradas de c\u00f3mo se lleva el d\u00eda a d\u00eda, pero me paro sobre las coincidencias, no sobre las diferencias que no son dram\u00e1ticas\u201d, se\u00f1al\u00f3.<\/p>\n\n\n\n<p>Admiti\u00f3 que esas discrepancias tienen que ver con el lugar \u201cdesde donde se lo enfrenta a Milei\u201d, rememor\u00f3 que se cre\u00f3 el Frente de Todos y apunt\u00f3:\u00a0\u201cTenemos que buscar mayor amplitud y con la gente.\u00a0Y c\u00f3mo va a funcionar. Est\u00e1 bien explorar afuera del peronismo, todos lo hacemos. Algunos lo hacen superficialmente, otros lo hacemos habitualmente\u201d.<\/p>\n\n\n\n<p>Cuando se le pregunt\u00f3 por qu\u00e9 no asisti\u00f3 al Plenario de la Militancia en Florencio Varela que encabez\u00f3 Kicillof, M\u00e1ximo contest\u00f3: \u201cHac\u00eda un tiempo que no hablaba con el gobernador. Hablan mis compa\u00f1eros con \u00e9l. Hay momentos en que habl\u00e1s menos o m\u00e1s, no es dram\u00e1tico. Son momentos pol\u00edticos que se atraviesan y nada m\u00e1s. \u00bfAlguien duda donde uno estuvo siempre? Todos tenemos que tener la mayor de las tranquilidades. La provincia es una de las principales v\u00edctimas de Milei. El gobernador tiene un desaf\u00edo enorme por delante y lo tenemos que ayudar todos\u201d.<\/p>\n\n\n\n<p>Despu\u00e9s, el diario\u00a0<em>El Pa\u00eds<\/em>\u00a0le consult\u00f3 si en 2027 querr\u00e1 nuevamente a Kicillof como candidato presidencial. \u201c\u00bfPor qu\u00e9 voy a cambiar? Es un m\u00e1s que posible candidato a presidente como puede ser el senador \u2018Wado\u2019 Eduardo de Pedro, hay que ver qu\u00e9 define Sergio Massa y qui\u00e9n surge tambi\u00e9n.\u00a0En el 2000, N\u00e9stor no estaba en el radar de nadie, en un lugar de 300.000 habitantes a 500 kil\u00f3metros de las islas Malvinas\u201d.<\/p>\n\n\n\n<p>Finalmente, se refiri\u00f3 al rol de su madre como conductora del espacio y asever\u00f3:\u00a0\u201cLa relaci\u00f3n de Cristina es con la sociedad y a partir de ah\u00ed tiene una suerte de ascendencia o conducci\u00f3n sobre el peronismo.\u00a0La sociedad escucha a Cristina, salvo un 25% muy anti, muy gorila, muy pro dictadura. La potencia de la voz de Cristina nadie la tiene\u201d.\u00a0<\/p>\n\n\n\n<p>\u201cEl problema que tiene Cristina es que es mina, es mujer. Se las cobraron todas. En cinco a\u00f1os la condenaron. Macri hace 20 a\u00f1os que tiene la causa del correo. \u00bfHablan de impunidad? Les cuesta reconocer la capacidad de una mujer. Si se enoja, es bruja y no una mujer de car\u00e1cter. Le dicen la se\u00f1ora, \u00bfle dicen se\u00f1or a alg\u00fan dirigente?\u201d, dijo y continu\u00f3: \u201cTodos los que vinieron despu\u00e9s de ella son grandes cr\u00edticos de ella: Macri, Alberto y Milei. \u00bfCu\u00e1ndo se sientan ah\u00ed? Papa, no pasa nada. Argentina no hubiese vivido los a\u00f1os que vivi\u00f3 si ella no se hubiese parado de esa manera. Incluso con la muerte de N\u00e9stor, que no es un elemento menor, o atravesar la enfermedad de su hija\u201d.<\/p>\n","protected":false},"excerpt":{"rendered":"<p>El\u00a0diputado nacional<\/p>\n","protected":false},"author":1,"featured_media":52472,"comment_status":"closed","ping_status":"closed","sticky":false,"template":"","format":"standard","meta":{"footnotes":""},"categories":[1,4,5],"tags":[],"class_list":["post-52471","post","type-post","status-publish","format-standard","has-post-thumbnail","hentry","category-destacados","category-nacionales","category-provincia"],"_links":{"self":[{"href":"https:\/\/panoramadelsur.com.ar\/index.php?rest_route=\/wp\/v2\/posts\/52471","targetHints":{"allow":["GET"]}}],"collection":[{"href":"https:\/\/panoramadelsur.com.ar\/index.php?rest_route=\/wp\/v2\/posts"}],"about":[{"href":"https:\/\/panoramadelsur.com.ar\/index.php?rest_route=\/wp\/v2\/types\/post"}],"author":[{"embeddable":true,"href":"https:\/\/panoramadelsur.com.ar\/index.php?rest_route=\/wp\/v2\/users\/1"}],"replies":[{"embeddable":true,"href":"https:\/\/panoramadelsur.com.ar\/index.php?rest_route=%2Fwp%2Fv2%2Fcomments&post=52471"}],"version-history":[{"count":1,"href":"https:\/\/panoramadelsur.com.ar\/index.php?rest_route=\/wp\/v2\/posts\/52471\/revisions"}],"predecessor-version":[{"id":52473,"href":"https:\/\/panoramadelsur.com.ar\/index.php?rest_route=\/wp\/v2\/posts\/52471\/revisions\/52473"}],"wp:featuredmedia":[{"embeddable":true,"href":"https:\/\/panoramadelsur.com.ar\/index.php?rest_route=\/wp\/v2\/media\/52472"}],"wp:attachment":[{"href":"https:\/\/panoramadelsur.com.ar\/index.php?rest_route=%2Fwp%2Fv2%2Fmedia&parent=52471"}],"wp:term":[{"taxonomy":"category","embeddable":true,"href":"https:\/\/panoramadelsur.com.ar\/index.php?rest_route=%2Fwp%2Fv2%2Fcategories&post=52471"},{"taxonomy":"post_tag","embeddable":true,"href":"https:\/\/panoramadelsur.com.ar\/index.php?rest_route=%2Fwp%2Fv2%2Ftags&post=52471"}],"curies":[{"name":"wp","href":"https:\/\/api.w.org\/{rel}","templated":true}]}}