{"id":52477,"date":"2024-05-27T18:45:08","date_gmt":"2024-05-27T21:45:08","guid":{"rendered":"https:\/\/panoramadelsur.com.ar\/?p=52477"},"modified":"2024-05-27T18:45:09","modified_gmt":"2024-05-27T21:45:09","slug":"las-prepagas-proponen-devolver-lo-cobrado-de-mas-en-12-cuotas","status":"publish","type":"post","link":"https:\/\/panoramadelsur.com.ar\/?p=52477","title":{"rendered":"LAS PREPAGAS PROPONEN DEVOLVER LO COBRADO DE M\u00c1S EN 12 CUOTAS"},"content":{"rendered":"\n<p>Las 41 empresas de medicina prepaga ofrecieron devolver lo cobrado de m\u00e1s a sus afiliados en un plazo de 12 cuotas durante la audiencia que se llev\u00f3 a cabo en el Juzgado Civil y Comercial Federal N\u00b03 a cargo del juez&nbsp;Juan Rafael Stinco.<\/p>\n\n\n\n<p>De esta manera se devolver\u00eda a los afiliados un monto equivalente al&nbsp;24% de la cuota de julio, en el plazo de un a\u00f1o.&nbsp;Los importes para reintegrar, seg\u00fan la iniciativa, tendr\u00edan una actualizaci\u00f3n de acuerdo con el \u00edndice de costos de la salud.<\/p>\n\n\n\n<p>Adem\u00e1s, las empresas habr\u00edan &nbsp;propuesto que en el tercer trimestre del a\u00f1o los precios de los planes de salud se ajusten al 95% de la variaci\u00f3n del \u00cdndice de Precios al Consumidor&nbsp;del Indec del mes previo, para luego a partir de octubre liberar la tarifa como establec\u00eda el DNU 70\/2024.<\/p>\n\n\n\n<p>La secretar\u00eda de Industria y Comercio, y la&nbsp;Superintendencia de Servicios de Salud (SSS), no estar\u00edan de acuerdo con esta forma de devoluci\u00f3n y la negociaci\u00f3n se empantana.&nbsp;<\/p>\n\n\n\n<p>Adicionalmente, las prepagas que atraviesan la denuncia por cartelizaci\u00f3n, estar\u00edan solicitando que la investigaci\u00f3n que lleva a cabo la secretaria de Industria y Comercio mediante la oficina de Defensa de la Competencia quede inactiva.<\/p>\n\n\n\n<p>El encuentro pautado para hoy fue hecho por el juez Stinco a pedido de varias entidades prepagas,&nbsp;luego de que el 3 de este mes el juez hiciera lugar a la medida cautelar solicitada por la Superintendencia contra 23 empresas a las que se las acus\u00f3 de cartelizaci\u00f3n para la suba de cuotas a partir de enero.<\/p>\n\n\n\n<p>D\u00edas atr\u00e1s se las autoridades del \u00e1rea de Salud pidieron la incorporaron a la causa otras 18 entidades, con lo cual son&nbsp;en total 41 las involucradas.<\/p>\n\n\n\n<p>Adem\u00e1s como no pueden juntarse las empresas por la causa de cartelizaci\u00f3n, cada una lleg\u00f3 al juzgado con diversas propuestas por lo que primero debieron ponerse de acuerdo para hacer una propuesta \u00edntegra para todos.<\/p>\n\n\n\n<p>En su fallo, el magistrado dispuso que las prepagas deben hacer&nbsp;un rec\u00e1lculo de las cuotas&nbsp;para que, en lugar de los que fueron cobrados,&nbsp;los importes vayan siguiendo la variaci\u00f3n del IPC&nbsp;con dos meses de retraso (por ejemplo, las cuotas correspondientes a enero deben contemplar la inflaci\u00f3n de noviembre; las de febrero, la inflaci\u00f3n acumulada entre noviembre y diciembre, y as\u00ed sucesivamente).<\/p>\n\n\n\n<p>Adem\u00e1s, estableci\u00f3 originalmente que&nbsp;en un plazo de cinco d\u00edas cada entidad deb\u00eda plantear ante el Juzgado un plan concreto para la devoluci\u00f3n&nbsp;de los montos cobrados en exceso del nuevo criterio. &nbsp;Ante este segundo mandato, varias entidades presentaron un pedido de pr\u00f3rroga y de convocatoria a una audiencia para hacer o\u00edr sus argumentos, una solicitud a la que se accedi\u00f3 y esta ocurriendo.<\/p>\n","protected":false},"excerpt":{"rendered":"<p>Las 41<\/p>\n","protected":false},"author":1,"featured_media":52478,"comment_status":"closed","ping_status":"closed","sticky":false,"template":"","format":"standard","meta":{"footnotes":""},"categories":[4],"tags":[],"class_list":["post-52477","post","type-post","status-publish","format-standard","has-post-thumbnail","hentry","category-nacionales"],"_links":{"self":[{"href":"https:\/\/panoramadelsur.com.ar\/index.php?rest_route=\/wp\/v2\/posts\/52477","targetHints":{"allow":["GET"]}}],"collection":[{"href":"https:\/\/panoramadelsur.com.ar\/index.php?rest_route=\/wp\/v2\/posts"}],"about":[{"href":"https:\/\/panoramadelsur.com.ar\/index.php?rest_route=\/wp\/v2\/types\/post"}],"author":[{"embeddable":true,"href":"https:\/\/panoramadelsur.com.ar\/index.php?rest_route=\/wp\/v2\/users\/1"}],"replies":[{"embeddable":true,"href":"https:\/\/panoramadelsur.com.ar\/index.php?rest_route=%2Fwp%2Fv2%2Fcomments&post=52477"}],"version-history":[{"count":1,"href":"https:\/\/panoramadelsur.com.ar\/index.php?rest_route=\/wp\/v2\/posts\/52477\/revisions"}],"predecessor-version":[{"id":52479,"href":"https:\/\/panoramadelsur.com.ar\/index.php?rest_route=\/wp\/v2\/posts\/52477\/revisions\/52479"}],"wp:featuredmedia":[{"embeddable":true,"href":"https:\/\/panoramadelsur.com.ar\/index.php?rest_route=\/wp\/v2\/media\/52478"}],"wp:attachment":[{"href":"https:\/\/panoramadelsur.com.ar\/index.php?rest_route=%2Fwp%2Fv2%2Fmedia&parent=52477"}],"wp:term":[{"taxonomy":"category","embeddable":true,"href":"https:\/\/panoramadelsur.com.ar\/index.php?rest_route=%2Fwp%2Fv2%2Fcategories&post=52477"},{"taxonomy":"post_tag","embeddable":true,"href":"https:\/\/panoramadelsur.com.ar\/index.php?rest_route=%2Fwp%2Fv2%2Ftags&post=52477"}],"curies":[{"name":"wp","href":"https:\/\/api.w.org\/{rel}","templated":true}]}}