{"id":52480,"date":"2024-05-27T18:52:13","date_gmt":"2024-05-27T21:52:13","guid":{"rendered":"https:\/\/panoramadelsur.com.ar\/?p=52480"},"modified":"2024-05-27T18:52:14","modified_gmt":"2024-05-27T21:52:14","slug":"familias-de-berazategui-recibieron-creditos-para-refaccionar-sus-hogares","status":"publish","type":"post","link":"https:\/\/panoramadelsur.com.ar\/?p=52480","title":{"rendered":"FAMILIAS DE BERAZATEGUI RECIBIERON CR\u00c9DITOS PARA REFACCIONAR SUS HOGARES"},"content":{"rendered":"\n<p>Veinte familias de Berazategui recibieron cr\u00e9ditos pertenecientes al Programa Buenos Aires CREA, que impulsa el Gobierno bonaerense, con el que podr\u00e1n refaccionar y ampliar sus viviendas. El acto fue encabezado por el intendente Juan Jos\u00e9 Mussi y la ministra de H\u00e1bitat y Desarrollo Urbano provincial, Silvina Batakis. A su vez, 65 familias m\u00e1s del distrito se encuentran en proceso de adjudicaci\u00f3n.<\/p>\n\n\n\n<p>Buenos Aires CREA es un cr\u00e9dito no bancario con tres l\u00edneas de financiamiento: para refacciones menores, refacciones mayores o ampliaciones. Los cr\u00e9ditos se otorgan en Unidades de Viviendas (UVIs), que acompa\u00f1an la actualizaci\u00f3n de los precios de la construcci\u00f3n. La devoluci\u00f3n del pr\u00e9stamo es en un plazo de 3 a 6 a\u00f1os, seg\u00fan la l\u00ednea de financiamiento elegida, con un per\u00edodo de 6 a 12 meses para comenzar a pagar las cuotas. Es impulsado por el Ministerio de H\u00e1bitat y Desarrollo Urbano de la provincia de Buenos Aires, a trav\u00e9s del Instituto de la Vivienda.<\/p>\n\n\n\n<p>Al respecto, Mussi expres\u00f3: \u201cEste acto pone de manifiesto que el gobernador Axel Kicillof sigue apostando por la gente. Estamos pasando momentos muy dif\u00edciles, en los que el peso del ajuste del Gobierno nacional recae sobre los que menos tienen. Por eso, entregar cr\u00e9ditos para que 20 familias de Berazategui puedan refaccionar sus viviendas es muy importante para nosotros\u201d.<br>Por su parte, Batakis asegur\u00f3: \u201cReflexionar sobre el rol que cumple la vivienda es fundamental, porque la mayor parte de la poblaci\u00f3n es urbana y eso requiere una gran presencia, eficiencia, inteligencia, planificaci\u00f3n y asistencia del Estado. Adem\u00e1s, es importante contar con intendentes como Mussi, que transform\u00f3 a Berazategui; nos exige y eleva la vara\u201d.<\/p>\n\n\n\n<p>Tambi\u00e9n participaron la titular de la Agencia de Tierras y H\u00e1bitat, Cecilia Rold\u00e1n -junto a otros funcionarios del Gabinete municipal-; el Gerente de Desarrollo de Programas de Acceso al Cr\u00e9dito, Juli\u00e1n Barberis, y representantes del Programa Buenos Aires CREA del Ministerio de H\u00e1bitat y Desarrollo Urbano provincial; familiares y amigos de las familias beneficiadas.<\/p>\n","protected":false},"excerpt":{"rendered":"<p>Veinte familias<\/p>\n","protected":false},"author":1,"featured_media":52481,"comment_status":"closed","ping_status":"closed","sticky":false,"template":"","format":"standard","meta":{"footnotes":""},"categories":[3],"tags":[],"class_list":["post-52480","post","type-post","status-publish","format-standard","has-post-thumbnail","hentry","category-regionales"],"_links":{"self":[{"href":"https:\/\/panoramadelsur.com.ar\/index.php?rest_route=\/wp\/v2\/posts\/52480","targetHints":{"allow":["GET"]}}],"collection":[{"href":"https:\/\/panoramadelsur.com.ar\/index.php?rest_route=\/wp\/v2\/posts"}],"about":[{"href":"https:\/\/panoramadelsur.com.ar\/index.php?rest_route=\/wp\/v2\/types\/post"}],"author":[{"embeddable":true,"href":"https:\/\/panoramadelsur.com.ar\/index.php?rest_route=\/wp\/v2\/users\/1"}],"replies":[{"embeddable":true,"href":"https:\/\/panoramadelsur.com.ar\/index.php?rest_route=%2Fwp%2Fv2%2Fcomments&post=52480"}],"version-history":[{"count":1,"href":"https:\/\/panoramadelsur.com.ar\/index.php?rest_route=\/wp\/v2\/posts\/52480\/revisions"}],"predecessor-version":[{"id":52482,"href":"https:\/\/panoramadelsur.com.ar\/index.php?rest_route=\/wp\/v2\/posts\/52480\/revisions\/52482"}],"wp:featuredmedia":[{"embeddable":true,"href":"https:\/\/panoramadelsur.com.ar\/index.php?rest_route=\/wp\/v2\/media\/52481"}],"wp:attachment":[{"href":"https:\/\/panoramadelsur.com.ar\/index.php?rest_route=%2Fwp%2Fv2%2Fmedia&parent=52480"}],"wp:term":[{"taxonomy":"category","embeddable":true,"href":"https:\/\/panoramadelsur.com.ar\/index.php?rest_route=%2Fwp%2Fv2%2Fcategories&post=52480"},{"taxonomy":"post_tag","embeddable":true,"href":"https:\/\/panoramadelsur.com.ar\/index.php?rest_route=%2Fwp%2Fv2%2Ftags&post=52480"}],"curies":[{"name":"wp","href":"https:\/\/api.w.org\/{rel}","templated":true}]}}