{"id":52492,"date":"2024-05-27T19:26:12","date_gmt":"2024-05-27T22:26:12","guid":{"rendered":"https:\/\/panoramadelsur.com.ar\/?p=52492"},"modified":"2024-05-27T19:26:13","modified_gmt":"2024-05-27T22:26:13","slug":"mayra-estuvo-presente-en-el-festejo-patrio-que-realizo-la-escuela-primaria-no-62-a-214-anos-de-la-revolucion-de-mayo","status":"publish","type":"post","link":"https:\/\/panoramadelsur.com.ar\/?p=52492","title":{"rendered":"MAYRA ESTUVO PRESENTE EN EL FESTEJO PATRIO QUE REALIZ\u00d3 LA ESCUELA PRIMARIA N\u00ba 62 A 214 A\u00d1OS DE LA REVOLUCI\u00d3N DE MAYO"},"content":{"rendered":"\n<p>La intendenta de Quilmes, Mayra Mendoza, estuvo presente el s\u00e1bado en el festejo patrio por los 214 a\u00f1os de la Revoluci\u00f3n de Mayo, que realiz\u00f3 la Escuela Primaria N\u00ba 62 \u201cAlf\u00e9rez de Nav\u00edo Jos\u00e9 Mar\u00eda Sobral\u201d, ubicada en La Rioja 3200, del barrio La Ca\u00f1ada, en Quilmes Oeste.<\/p>\n\n\n\n<p>\u201cNo existe la libertad sin educaci\u00f3n e igualdad, por eso en Quilmes trabajamos para mejorar la calidad educativa y la infraestructura de nuestras escuelas\u201d, se\u00f1al\u00f3 Mayra, quien agradeci\u00f3 a los directivos por la invitaci\u00f3n y a las familias presentes.<\/p>\n\n\n\n<p>Por su parte, la directora de la instituci\u00f3n, Alejandra Bognanni se\u00f1al\u00f3: \u201cEs la primera vez que nos visita un Intendente en nuestra escuela. Es un colegio de puertas abiertas donde la comunidad est\u00e1 muy presente. La presencia de Mayra en un d\u00eda como hoy es muy importante porque de esta manera la comunidad de La Ca\u00f1ada puede entender desde qu\u00e9 lugar ella est\u00e1 para con todos los quilme\u00f1os\u201d.<\/p>\n\n\n\n<p>Durante el encuentro se inaugur\u00f3 un mural de la capitana Mar\u00eda Remedios del Valle, una de las mujeres que luch\u00f3 en las&nbsp; guerras por nuestra independencia, en uno de los paredones exteriores (sobre la calle Roca) de la Escuela Secundaria N\u00ba 31, que comparte edificio con la Primaria. El mismo estuvo a cargo del equipo de muralismo de la Secretar\u00eda de Cultura, Educaci\u00f3n y Deportes local.<\/p>\n\n\n\n<p>Adem\u00e1s hubo tiempo para un peric\u00f3n nacional a cargo ballet folcl\u00f3rico \u201cRetumbo Argentino\u201d, compuesto por alumnos y exalumnos; una muestra din\u00e1mica realizada por estudiantes y docentes de la instituci\u00f3n; un baile a cargo de los abuelos del Centro de Jubilados Villa Esmeralda, chocolatada caliente y comidas t\u00edpicas, entre otras actividades, de las que tambi\u00e9n fueron parte los miembros de la comunidad educativa.<\/p>\n\n\n\n<p>Es importante destacar que el Municipio de Quilmes realiz\u00f3 una importante serie de obras en el citado establecimiento educativo como el cambio de cubiertas y la readecuaci\u00f3n parcial de la instalaci\u00f3n el\u00e9ctrica. Adem\u00e1s el Consejo Escolar de Quilmes construy\u00f3 sanitarios nuevos y un ba\u00f1o para docentes, adem\u00e1s de la readecuaci\u00f3n de la instalaci\u00f3n de gas. Por su parte, en la EES N\u00ba 31 la Comuna efectu\u00f3 la remodelaci\u00f3n integral de la Direcci\u00f3n y la Secretar\u00eda, y el cambio de cubiertas. En tanto, el Consejo Escolar intervino mediante la provisi\u00f3n de calefactores, refacci\u00f3n e instalaci\u00f3n de gas.<\/p>\n\n\n\n<p>Participaron de la actividad: el secretario de Cultura, Educaci\u00f3n y Deportes, Joaqu\u00edn Desmery; el director general de Pol\u00edticas Socioculturales, Leandro Cepeda; el inspector regional, Pablo Vinuesa; la inspectora distrital Florencia Elvino, y el presidente del Consejo Escolar, Gustavo Lappano.<\/p>\n","protected":false},"excerpt":{"rendered":"<p>La intendenta<\/p>\n","protected":false},"author":1,"featured_media":52493,"comment_status":"closed","ping_status":"closed","sticky":false,"template":"","format":"standard","meta":{"footnotes":""},"categories":[2],"tags":[],"class_list":["post-52492","post","type-post","status-publish","format-standard","has-post-thumbnail","hentry","category-quilmes"],"_links":{"self":[{"href":"https:\/\/panoramadelsur.com.ar\/index.php?rest_route=\/wp\/v2\/posts\/52492","targetHints":{"allow":["GET"]}}],"collection":[{"href":"https:\/\/panoramadelsur.com.ar\/index.php?rest_route=\/wp\/v2\/posts"}],"about":[{"href":"https:\/\/panoramadelsur.com.ar\/index.php?rest_route=\/wp\/v2\/types\/post"}],"author":[{"embeddable":true,"href":"https:\/\/panoramadelsur.com.ar\/index.php?rest_route=\/wp\/v2\/users\/1"}],"replies":[{"embeddable":true,"href":"https:\/\/panoramadelsur.com.ar\/index.php?rest_route=%2Fwp%2Fv2%2Fcomments&post=52492"}],"version-history":[{"count":1,"href":"https:\/\/panoramadelsur.com.ar\/index.php?rest_route=\/wp\/v2\/posts\/52492\/revisions"}],"predecessor-version":[{"id":52494,"href":"https:\/\/panoramadelsur.com.ar\/index.php?rest_route=\/wp\/v2\/posts\/52492\/revisions\/52494"}],"wp:featuredmedia":[{"embeddable":true,"href":"https:\/\/panoramadelsur.com.ar\/index.php?rest_route=\/wp\/v2\/media\/52493"}],"wp:attachment":[{"href":"https:\/\/panoramadelsur.com.ar\/index.php?rest_route=%2Fwp%2Fv2%2Fmedia&parent=52492"}],"wp:term":[{"taxonomy":"category","embeddable":true,"href":"https:\/\/panoramadelsur.com.ar\/index.php?rest_route=%2Fwp%2Fv2%2Fcategories&post=52492"},{"taxonomy":"post_tag","embeddable":true,"href":"https:\/\/panoramadelsur.com.ar\/index.php?rest_route=%2Fwp%2Fv2%2Ftags&post=52492"}],"curies":[{"name":"wp","href":"https:\/\/api.w.org\/{rel}","templated":true}]}}