{"id":52502,"date":"2024-05-28T17:30:13","date_gmt":"2024-05-28T20:30:13","guid":{"rendered":"https:\/\/panoramadelsur.com.ar\/?p=52502"},"modified":"2024-05-28T17:30:15","modified_gmt":"2024-05-28T20:30:15","slug":"larroque-kicillof-tiene-los-atributos-de-lo-que-puede-ser-el-ideal-de-un-dirigente-politico","status":"publish","type":"post","link":"https:\/\/panoramadelsur.com.ar\/?p=52502","title":{"rendered":"LARROQUE: \u00abKICILLOF TIENE LOS ATRIBUTOS DE LO QUE PUEDE SER EL\u00a0IDEAL DE UN DIRIGENTE POL\u00cdTICO\u00bb"},"content":{"rendered":"\n<p>El ministro de Desarrollo de la&nbsp;Comunidad bonaerense, Andr\u00e9s \u00abCuervo\u00bb Larroque, afirm\u00f3 que el&nbsp;<br>gobernador Axel Kicillof \u00abtiene los atributos de lo que puede ser&nbsp;el ideal de un dirigente pol\u00edtico\u00bb y remarc\u00f3 que el peronismo debe&nbsp;avanzar hacia \u00abuna construcci\u00f3n m\u00e1s din\u00e1mica\u00bb.<\/p>\n\n\n\n<p>\u00ab(El presidente Javier) Milei es el parteaguas de la pol\u00edtica&nbsp;argentina y, sin dudas, Axel es un emergente. Desde el primer d\u00eda&nbsp;mantuvo una posici\u00f3n clara frente a Milei, no titube\u00f3, aunque&nbsp;<br>muchos le recomendaban que se replegara, se refugiara\u00bb, sostuvo el&nbsp;funcionario provincial.<\/p>\n\n\n\n<p>En declaraciones radiales, el exsecretario general de La&nbsp;C\u00e1mpora asegur\u00f3 que el mandatario bonaerense \u00abtiene los atributos&nbsp;de lo que puede ser el ideal de un dirigente pol\u00edtico\u00bb y destac\u00f3&nbsp;que \u00abno se puede hacer pol\u00edtica con miedo\u00bb.<\/p>\n\n\n\n<p>Al analizar la situaci\u00f3n actual del peronismo, Larroque indic\u00f3&nbsp;que el movimiento justicialista se tiene que \u00abrefundar\u00bb y explic\u00f3&nbsp;que debe \u00abreencontrarse, volver a la esencia\u00bb.<\/p>\n\n\n\n<p>\u00abUna fuerza pol\u00edtica empieza a perder funcionamiento cuando se&nbsp;considera que tiene raz\u00f3n el que m\u00e1s poder tiene. El peronismo no&nbsp;es iluminista: no es que hay alguien que viene con la verdad, sino&nbsp;que la verdad reside en el pueblo y tiene que ser escuchado\u00bb,&nbsp;analiz\u00f3.<\/p>\n\n\n\n<p>Y agreg\u00f3: \u00abHoy hay que ir a una construcci\u00f3n m\u00e1s din\u00e1mica: tenemos que adaptarnos a las demandas de la propia ciudadan\u00eda y la militancia\u00bb.<\/p>\n\n\n\n<p>Adem\u00e1s, envi\u00f3 un mensaje a las autoridades del PJ Nacional y Bonaerense, al referirse al proceso de renovaci\u00f3n de los sellos: \u00abNo podemos andar con travesuras a esta altura de los acontecimientos, cuando uno ve chicanitas, movimientos&#8230; De movida, no nos podemos enterar por redes sociales de una convocatoria que no surge de los cuerpos partidarios\u00bb.<\/p>\n\n\n\n<p>Asimismo, Larroque expres\u00f3 que ve \u00abun escenario de revivificaci\u00f3n de la pol\u00edtica, porque lo que ha generado Milei sacudi\u00f3 todas las estructuras y hay muchas ganas de participar\u00bb.<\/p>\n\n\n\n<p>Y complet\u00f3: \u00abVen\u00edamos de una etapa de apat\u00eda con la pol\u00edtica, pero ahora hay ganas de participar\u00bb.<\/p>\n\n\n\n<p>\u00abEl Gobierno est\u00e1 haciendo todo lo posible para trasladar esta crisis econ\u00f3mica y social a la esfera pol\u00edtica\u00bb, concluy\u00f3.<\/p>\n","protected":false},"excerpt":{"rendered":"<p>El ministro<\/p>\n","protected":false},"author":1,"featured_media":52503,"comment_status":"closed","ping_status":"closed","sticky":false,"template":"","format":"standard","meta":{"footnotes":""},"categories":[5],"tags":[],"class_list":["post-52502","post","type-post","status-publish","format-standard","has-post-thumbnail","hentry","category-provincia"],"_links":{"self":[{"href":"https:\/\/panoramadelsur.com.ar\/index.php?rest_route=\/wp\/v2\/posts\/52502","targetHints":{"allow":["GET"]}}],"collection":[{"href":"https:\/\/panoramadelsur.com.ar\/index.php?rest_route=\/wp\/v2\/posts"}],"about":[{"href":"https:\/\/panoramadelsur.com.ar\/index.php?rest_route=\/wp\/v2\/types\/post"}],"author":[{"embeddable":true,"href":"https:\/\/panoramadelsur.com.ar\/index.php?rest_route=\/wp\/v2\/users\/1"}],"replies":[{"embeddable":true,"href":"https:\/\/panoramadelsur.com.ar\/index.php?rest_route=%2Fwp%2Fv2%2Fcomments&post=52502"}],"version-history":[{"count":1,"href":"https:\/\/panoramadelsur.com.ar\/index.php?rest_route=\/wp\/v2\/posts\/52502\/revisions"}],"predecessor-version":[{"id":52504,"href":"https:\/\/panoramadelsur.com.ar\/index.php?rest_route=\/wp\/v2\/posts\/52502\/revisions\/52504"}],"wp:featuredmedia":[{"embeddable":true,"href":"https:\/\/panoramadelsur.com.ar\/index.php?rest_route=\/wp\/v2\/media\/52503"}],"wp:attachment":[{"href":"https:\/\/panoramadelsur.com.ar\/index.php?rest_route=%2Fwp%2Fv2%2Fmedia&parent=52502"}],"wp:term":[{"taxonomy":"category","embeddable":true,"href":"https:\/\/panoramadelsur.com.ar\/index.php?rest_route=%2Fwp%2Fv2%2Fcategories&post=52502"},{"taxonomy":"post_tag","embeddable":true,"href":"https:\/\/panoramadelsur.com.ar\/index.php?rest_route=%2Fwp%2Fv2%2Ftags&post=52502"}],"curies":[{"name":"wp","href":"https:\/\/api.w.org\/{rel}","templated":true}]}}