{"id":52523,"date":"2024-05-28T18:57:20","date_gmt":"2024-05-28T21:57:20","guid":{"rendered":"https:\/\/panoramadelsur.com.ar\/?p=52523"},"modified":"2024-05-28T18:57:20","modified_gmt":"2024-05-28T21:57:20","slug":"tolosa-paz-dijeron-que-el-50-de-los-comedores-eran-truchos-y-eso-no-es-asi","status":"publish","type":"post","link":"https:\/\/panoramadelsur.com.ar\/?p=52523","title":{"rendered":"TOLOSA PAZ: \u00abDIJERON QUE EL 50 % DE LOS COMEDORES ERAN TRUCHOS Y ESO NO ES AS\u00cd\u00bb"},"content":{"rendered":"\n<p>La ex ministra de Desarrollo Social y actual diputada de Uni\u00f3n por la Patria (UxP) Victoria Tolosa Paz desminti\u00f3 que \u201cel 50% de los comedores fueran truchos\u201d y que el Gobierno \u201ctira una cortina de humo\u201d sobre el tema.<\/p>\n\n\n\n<p>En declaraciones a Radio Splendid, asegur\u00f3 que su gesti\u00f3n dej\u00f3 \u201cinsumos para emergencias, con alimentos, colchones, frazadas y repelentes\u201d en tres dep\u00f3sitos y, adem\u00e1s, \u201calimentos secos\u201d destinados a los comedores \u201ccomo pol\u00edtica alimentaria a lo largo y ancho del pa\u00eds\u201d.<\/p>\n\n\n\n<p>\u201cDijeron que el 50 % de los comedores eran truchos y no es as\u00ed. En 2020 Daniel Arroyo arm\u00f3 el Registro Nacional de Comedores Comunitarios donde estaban anotados los comedores y ollas populares, que hab\u00eda durante la pandemia. Luego iban a ser elegidos para obtener, o no, una posible pol\u00edtica alimentaria que pod\u00eda ser como refuerzo de comedores, o pertenecer al servicio alimentario escolar. Hab\u00eda distintos requisitos\u201d, afirm\u00f3 Tolosa Paz.<\/p>\n\n\n\n<p>Por otra parte, indic\u00f3 que \u201clo que sucede con el Ministerio de Capital Humano es algo que no pas\u00f3 nunca en la pol\u00edtica social en 40 a\u00f1os de democracia\u201d y que, a pesar de que existieron gobiernos de distintos partidos, \u201cninguno se atrevi\u00f3 a suspender la pol\u00edtica alimentaria con esta magnitud\u201d.<\/p>\n\n\n\n<p>Para la actual diputada de UxP, \u201cse nota el desconocimiento, la incapacidad y la crueldad\u201d cuando encuentran irregularidades en un programa y, en vez de solucionar los problemas \u201clo dan de baja, como pas\u00f3 con el Potenciar Trabajo\u201d.<\/p>\n\n\n\n<p>\u201cSon un combo destructivo. La econom\u00eda est\u00e1 da\u00f1ada, hay inflaci\u00f3n, pobreza e indigencia que, si bien ya exist\u00eda el a\u00f1o pasado, se agrav\u00f3. No se le puede suspender la asistencia social a los sectores vulnerables\u201d, a\u00f1adi\u00f3.<\/p>\n\n\n\n<p>Por otra parte, record\u00f3 cuando el nuevo Jefe de Gabinete, Guillermo Francos, se someti\u00f3 a las preguntas de los diputados en el marco del temporal en Bah\u00eda Blanca y dijo que \u201cen el Ministerio de Desarrollo social no hab\u00eda quedado nada para dar respuesta a una emergencia\u201d y que por ese motivo no enviaban ayuda.<\/p>\n\n\n\n<p>\u201cCon mucho respeto le dije que evidentemente su Jefe de Gabinete (Nicol\u00e1s Posse) y la ministra (Sandra Pettovello) le hab\u00edan mal informado porque el corte de auditoria, que hacen los organismos cuando sale una gesti\u00f3n y entra otra, hab\u00eda escrito una resoluci\u00f3n donde qued\u00f3 fijado todo lo relacionado al patrimonio del Ministerio de Desarrollo Social\u201d, subray\u00f3.<\/p>\n\n\n\n<p>Para finalizar, resalt\u00f3 que, durante su titularidad, tuvo muchas discusiones con el Polo Obrero y con uno de sus referentes, Eduardo Belliboni, quien se negaba \u201ca someter a una auditoria a todo el padr\u00f3n de los comedores\u201d y se logr\u00f3 bajar 100.000 planes \u201cporque recib\u00edan alimentos y no correspond\u00eda\u201d.<\/p>\n\n\n\n<p>\u201cLa ministra tiene que ejecutar una pol\u00edtica alimentaria independientemente de las irregularidades. Cortar la asistencia habla de la enorme ignorancia de quienes hoy dirigen el Estado Nacional. Un mont\u00f3n de justos no pueden pagan por algunos pecadores\u201d, concluy\u00f3.<\/p>\n","protected":false},"excerpt":{"rendered":"<p>La ex<\/p>\n","protected":false},"author":1,"featured_media":52524,"comment_status":"closed","ping_status":"closed","sticky":false,"template":"","format":"standard","meta":{"footnotes":""},"categories":[4],"tags":[59],"class_list":["post-52523","post","type-post","status-publish","format-standard","has-post-thumbnail","hentry","category-nacionales","tag-nacionales"],"_links":{"self":[{"href":"https:\/\/panoramadelsur.com.ar\/index.php?rest_route=\/wp\/v2\/posts\/52523","targetHints":{"allow":["GET"]}}],"collection":[{"href":"https:\/\/panoramadelsur.com.ar\/index.php?rest_route=\/wp\/v2\/posts"}],"about":[{"href":"https:\/\/panoramadelsur.com.ar\/index.php?rest_route=\/wp\/v2\/types\/post"}],"author":[{"embeddable":true,"href":"https:\/\/panoramadelsur.com.ar\/index.php?rest_route=\/wp\/v2\/users\/1"}],"replies":[{"embeddable":true,"href":"https:\/\/panoramadelsur.com.ar\/index.php?rest_route=%2Fwp%2Fv2%2Fcomments&post=52523"}],"version-history":[{"count":1,"href":"https:\/\/panoramadelsur.com.ar\/index.php?rest_route=\/wp\/v2\/posts\/52523\/revisions"}],"predecessor-version":[{"id":52525,"href":"https:\/\/panoramadelsur.com.ar\/index.php?rest_route=\/wp\/v2\/posts\/52523\/revisions\/52525"}],"wp:featuredmedia":[{"embeddable":true,"href":"https:\/\/panoramadelsur.com.ar\/index.php?rest_route=\/wp\/v2\/media\/52524"}],"wp:attachment":[{"href":"https:\/\/panoramadelsur.com.ar\/index.php?rest_route=%2Fwp%2Fv2%2Fmedia&parent=52523"}],"wp:term":[{"taxonomy":"category","embeddable":true,"href":"https:\/\/panoramadelsur.com.ar\/index.php?rest_route=%2Fwp%2Fv2%2Fcategories&post=52523"},{"taxonomy":"post_tag","embeddable":true,"href":"https:\/\/panoramadelsur.com.ar\/index.php?rest_route=%2Fwp%2Fv2%2Ftags&post=52523"}],"curies":[{"name":"wp","href":"https:\/\/api.w.org\/{rel}","templated":true}]}}