{"id":52541,"date":"2024-05-29T01:07:00","date_gmt":"2024-05-29T04:07:00","guid":{"rendered":"https:\/\/panoramadelsur.com.ar\/?p=52541"},"modified":"2024-05-28T20:45:20","modified_gmt":"2024-05-28T23:45:20","slug":"encuentro-por-el-dia-de-los-jardines-de-infantes-en-varela","status":"publish","type":"post","link":"https:\/\/panoramadelsur.com.ar\/?p=52541","title":{"rendered":"ENCUENTRO POR EL D\u00cdA DE LOS JARDINES DE INFANTES EN VARELA"},"content":{"rendered":"\n<p>La efem\u00e9ride en honor a Rosario Vera Pe\u00f1aloza fue conmemorada en el \u00e1mbito local con una jornada especial de capacitaci\u00f3n y agasajo a docentes en establecimientos tanto de gesti\u00f3n estatal como privada esta tarde en el predio de la ex empresa AGFA.<\/p>\n\n\n\n<p>En este contexto, el intendente -Andr\u00e9s Watson- valor\u00f3 la labor en el nivel inicial \u201cpara sentar las bases de las trayectorias escolares de cada estudiante, un aporte trascendental en la construcci\u00f3n de ciudadan\u00eda\u201d.<\/p>\n\n\n\n<p>El Alcalde enfatiz\u00f3 en qu\u00e9, \u201ca pesar de contar con recursos escasos, fijamos prioridades: la esfera pedag\u00f3gica fue un eje clave en las pol\u00edticas p\u00fablicas al que siempre consideramos una inversi\u00f3n, nunca un gasto\u201d.&nbsp;&nbsp;<\/p>\n\n\n\n<p>Durante el evento, entregaron distinciones a seis maestras varelenses en reconocimiento a su tarea. Romina Garc\u00eda de \u201cRinc\u00f3n Feliz\u201d fue una de las homenajeadas. A poco de jubilarse, la mujer evoc\u00f3: \u201c31 a\u00f1os al servicio de ni\u00f1os, ni\u00f1as, de las familias, la educaci\u00f3n\u201d. \u201cContenerlos, acompa\u00f1arlas, ayudarles a crecer, darles mucho amor\u201d, enumer\u00f3 como premisas del v\u00ednculo con las infancias.<\/p>\n\n\n\n<p>La fecha tambi\u00e9n fue un momento oportuno donde formarse. Las asistentes compartieron la charla \u201cL\u00edmites en las aulas\u201d a cargo de la especialista en la tem\u00e1tica, Marina Corbelli.<\/p>\n\n\n\n<p>Al salir, la directora del Jard\u00edn N\u00ba944 -Romina Grajales- consider\u00f3 el encuentro \u201cmuy interesante, pr\u00e1ctico y did\u00e1ctico\u201d. \u201cNos brindaron muchas herramientas para afrontar determinadas situaciones\u201d, expres\u00f3. Por \u00faltimo, defini\u00f3 su profesi\u00f3n como \u201cun desaf\u00edo constante\u201d.<\/p>\n","protected":false},"excerpt":{"rendered":"<p>La efem\u00e9ride<\/p>\n","protected":false},"author":1,"featured_media":52542,"comment_status":"closed","ping_status":"closed","sticky":false,"template":"","format":"standard","meta":{"footnotes":""},"categories":[3],"tags":[30],"class_list":["post-52541","post","type-post","status-publish","format-standard","has-post-thumbnail","hentry","category-regionales","tag-varela"],"_links":{"self":[{"href":"https:\/\/panoramadelsur.com.ar\/index.php?rest_route=\/wp\/v2\/posts\/52541","targetHints":{"allow":["GET"]}}],"collection":[{"href":"https:\/\/panoramadelsur.com.ar\/index.php?rest_route=\/wp\/v2\/posts"}],"about":[{"href":"https:\/\/panoramadelsur.com.ar\/index.php?rest_route=\/wp\/v2\/types\/post"}],"author":[{"embeddable":true,"href":"https:\/\/panoramadelsur.com.ar\/index.php?rest_route=\/wp\/v2\/users\/1"}],"replies":[{"embeddable":true,"href":"https:\/\/panoramadelsur.com.ar\/index.php?rest_route=%2Fwp%2Fv2%2Fcomments&post=52541"}],"version-history":[{"count":1,"href":"https:\/\/panoramadelsur.com.ar\/index.php?rest_route=\/wp\/v2\/posts\/52541\/revisions"}],"predecessor-version":[{"id":52543,"href":"https:\/\/panoramadelsur.com.ar\/index.php?rest_route=\/wp\/v2\/posts\/52541\/revisions\/52543"}],"wp:featuredmedia":[{"embeddable":true,"href":"https:\/\/panoramadelsur.com.ar\/index.php?rest_route=\/wp\/v2\/media\/52542"}],"wp:attachment":[{"href":"https:\/\/panoramadelsur.com.ar\/index.php?rest_route=%2Fwp%2Fv2%2Fmedia&parent=52541"}],"wp:term":[{"taxonomy":"category","embeddable":true,"href":"https:\/\/panoramadelsur.com.ar\/index.php?rest_route=%2Fwp%2Fv2%2Fcategories&post=52541"},{"taxonomy":"post_tag","embeddable":true,"href":"https:\/\/panoramadelsur.com.ar\/index.php?rest_route=%2Fwp%2Fv2%2Ftags&post=52541"}],"curies":[{"name":"wp","href":"https:\/\/api.w.org\/{rel}","templated":true}]}}