{"id":52547,"date":"2024-05-29T01:05:00","date_gmt":"2024-05-29T04:05:00","guid":{"rendered":"https:\/\/panoramadelsur.com.ar\/?p=52547"},"modified":"2024-05-28T20:52:44","modified_gmt":"2024-05-28T23:52:44","slug":"nuevos-operativos-de-interceptacion-vehicular-en-varela","status":"publish","type":"post","link":"https:\/\/panoramadelsur.com.ar\/?p=52547","title":{"rendered":"NUEVOS OPERATIVOS DE INTERCEPTACI\u00d3N VEHICULAR EN VARELA"},"content":{"rendered":"\n<p>Agentes pertenecientes a las distintas fuerzas de seguridad en el partido concretaron 30 dispositivos de control automotor para prevenir el delito y decomisaron 106 rodados por diferentes infracciones a la normativa vigente.<\/p>\n\n\n\n<p>El personal secuestr\u00f3 47 motos, 48 autos, 7 camionetas y 4 camiones durante procedimientos Don Jos\u00e9, La Carolina, Luj\u00e1n, El Alpino, Bosques, Ingeniero Allan, La Esmeralda, Santo Tom\u00e1s, San Nicol\u00e1s, San Jorge, La Sirena, Mart\u00edn Fierro, entre otros.<\/p>\n\n\n\n<p>Intervinieron en el accionar efectivos de la Guardia Comunal junto a Gendarmer\u00eda Nacional y Polic\u00eda de la Provincia de Buenos Aires quienes solicitaron registro de conducir, c\u00e9dula verde, seguro m\u00e1s Verificaci\u00f3n T\u00e9cnica Vehicular.<\/p>\n","protected":false},"excerpt":{"rendered":"<p>Agentes pertenecientes<\/p>\n","protected":false},"author":1,"featured_media":52548,"comment_status":"closed","ping_status":"closed","sticky":false,"template":"","format":"standard","meta":{"footnotes":""},"categories":[3],"tags":[30],"class_list":["post-52547","post","type-post","status-publish","format-standard","has-post-thumbnail","hentry","category-regionales","tag-varela"],"_links":{"self":[{"href":"https:\/\/panoramadelsur.com.ar\/index.php?rest_route=\/wp\/v2\/posts\/52547","targetHints":{"allow":["GET"]}}],"collection":[{"href":"https:\/\/panoramadelsur.com.ar\/index.php?rest_route=\/wp\/v2\/posts"}],"about":[{"href":"https:\/\/panoramadelsur.com.ar\/index.php?rest_route=\/wp\/v2\/types\/post"}],"author":[{"embeddable":true,"href":"https:\/\/panoramadelsur.com.ar\/index.php?rest_route=\/wp\/v2\/users\/1"}],"replies":[{"embeddable":true,"href":"https:\/\/panoramadelsur.com.ar\/index.php?rest_route=%2Fwp%2Fv2%2Fcomments&post=52547"}],"version-history":[{"count":1,"href":"https:\/\/panoramadelsur.com.ar\/index.php?rest_route=\/wp\/v2\/posts\/52547\/revisions"}],"predecessor-version":[{"id":52549,"href":"https:\/\/panoramadelsur.com.ar\/index.php?rest_route=\/wp\/v2\/posts\/52547\/revisions\/52549"}],"wp:featuredmedia":[{"embeddable":true,"href":"https:\/\/panoramadelsur.com.ar\/index.php?rest_route=\/wp\/v2\/media\/52548"}],"wp:attachment":[{"href":"https:\/\/panoramadelsur.com.ar\/index.php?rest_route=%2Fwp%2Fv2%2Fmedia&parent=52547"}],"wp:term":[{"taxonomy":"category","embeddable":true,"href":"https:\/\/panoramadelsur.com.ar\/index.php?rest_route=%2Fwp%2Fv2%2Fcategories&post=52547"},{"taxonomy":"post_tag","embeddable":true,"href":"https:\/\/panoramadelsur.com.ar\/index.php?rest_route=%2Fwp%2Fv2%2Ftags&post=52547"}],"curies":[{"name":"wp","href":"https:\/\/api.w.org\/{rel}","templated":true}]}}