{"id":52550,"date":"2024-05-29T01:09:00","date_gmt":"2024-05-29T04:09:00","guid":{"rendered":"https:\/\/panoramadelsur.com.ar\/?p=52550"},"modified":"2024-05-28T21:00:27","modified_gmt":"2024-05-29T00:00:27","slug":"varela-nuevo-acuerdo-salarial-para-los-trabajadores-y-las-trabajadoras-municipales-3","status":"publish","type":"post","link":"https:\/\/panoramadelsur.com.ar\/?p=52550","title":{"rendered":"VARELA: NUEVO ACUERDO SALARIAL PARA LOS TRABAJADORES Y LAS TRABAJADORAS MUNICIPALES"},"content":{"rendered":"\n<p>El mandatario varelense -Andr\u00e9s Watson- rubric\u00f3 un convenio con el secretario general en el Sindicato de Trabajadores Municipales -Dar\u00edo D\u2019Aquino- donde formaliz\u00f3 un aumento del 15% en los haberes de todo el personal de la Comuna.<\/p>\n\n\n\n<p>Durante la reuni\u00f3n, efectuada en la Intendencia, acordaron la recomposici\u00f3n salarial a partir de mayo: previeron la fecha de cobro el s\u00e1bado 1\u00ba de junio en cajeros autom\u00e1ticos o bien el lunes 3 en Tesorer\u00eda desde el mediod\u00eda.<\/p>\n\n\n\n<p>Estuvo la titular en la cartera de Hacienda -Gisella Primus- y la secretaria T\u00e9cnica Jur\u00eddica, Andrea Padial.<\/p>\n","protected":false},"excerpt":{"rendered":"<p>El mandatario<\/p>\n","protected":false},"author":1,"featured_media":52551,"comment_status":"closed","ping_status":"closed","sticky":false,"template":"","format":"standard","meta":{"footnotes":""},"categories":[3],"tags":[30],"class_list":["post-52550","post","type-post","status-publish","format-standard","has-post-thumbnail","hentry","category-regionales","tag-varela"],"_links":{"self":[{"href":"https:\/\/panoramadelsur.com.ar\/index.php?rest_route=\/wp\/v2\/posts\/52550","targetHints":{"allow":["GET"]}}],"collection":[{"href":"https:\/\/panoramadelsur.com.ar\/index.php?rest_route=\/wp\/v2\/posts"}],"about":[{"href":"https:\/\/panoramadelsur.com.ar\/index.php?rest_route=\/wp\/v2\/types\/post"}],"author":[{"embeddable":true,"href":"https:\/\/panoramadelsur.com.ar\/index.php?rest_route=\/wp\/v2\/users\/1"}],"replies":[{"embeddable":true,"href":"https:\/\/panoramadelsur.com.ar\/index.php?rest_route=%2Fwp%2Fv2%2Fcomments&post=52550"}],"version-history":[{"count":1,"href":"https:\/\/panoramadelsur.com.ar\/index.php?rest_route=\/wp\/v2\/posts\/52550\/revisions"}],"predecessor-version":[{"id":52552,"href":"https:\/\/panoramadelsur.com.ar\/index.php?rest_route=\/wp\/v2\/posts\/52550\/revisions\/52552"}],"wp:featuredmedia":[{"embeddable":true,"href":"https:\/\/panoramadelsur.com.ar\/index.php?rest_route=\/wp\/v2\/media\/52551"}],"wp:attachment":[{"href":"https:\/\/panoramadelsur.com.ar\/index.php?rest_route=%2Fwp%2Fv2%2Fmedia&parent=52550"}],"wp:term":[{"taxonomy":"category","embeddable":true,"href":"https:\/\/panoramadelsur.com.ar\/index.php?rest_route=%2Fwp%2Fv2%2Fcategories&post=52550"},{"taxonomy":"post_tag","embeddable":true,"href":"https:\/\/panoramadelsur.com.ar\/index.php?rest_route=%2Fwp%2Fv2%2Ftags&post=52550"}],"curies":[{"name":"wp","href":"https:\/\/api.w.org\/{rel}","templated":true}]}}