{"id":52556,"date":"2024-05-31T01:02:00","date_gmt":"2024-05-31T04:02:00","guid":{"rendered":"https:\/\/panoramadelsur.com.ar\/?p=52556"},"modified":"2024-05-28T21:05:56","modified_gmt":"2024-05-29T00:05:56","slug":"clinica-tecnologica-para-pymes-y-cooperativas-industriales","status":"publish","type":"post","link":"https:\/\/panoramadelsur.com.ar\/?p=52556","title":{"rendered":"CL\u00cdNICA TECNOL\u00d3GICA PARA PYMES Y COOPERATIVAS INDUSTRIALES"},"content":{"rendered":"\n<p>En coordinaci\u00f3n con el gobierno bonaerense, la Comuna presenta el programa destinado a promover oportunidades en el \u00e1mbito de la ciencia, la tecnolog\u00eda y la innovaci\u00f3n.<\/p>\n\n\n\n<p>Con colaboraci\u00f3n de especialistas en el rubro, las unidades productivas recibir\u00e1n un diagn\u00f3stico y acceder\u00e1n a asesoramiento gratuito sobre herramientas de financiaci\u00f3n as\u00ed como asistencia en la formulaci\u00f3n de un proyecto.<\/p>\n\n\n\n<p>La subsecretaria de Industria, Inversiones y Competitividad PyME -Anal\u00eda Aguirre Luro- detalla: \u201cLos establecimientos ser\u00e1n visitados por equipos t\u00e9cnicos para ver in situ el desarrollo de los productos y la maquinaria utilizada a fin de plasmarlo en el an\u00e1lisis\u201d.<\/p>\n\n\n\n<p>La funcionaria pondera \u201cel respaldo que brinda tanto el Estado municipal como el provincial a las peque\u00f1as y medianas empresas con el objetivo de impulsar su expansi\u00f3n\u201d.<\/p>\n\n\n\n<p>Para recibir informaci\u00f3n, comunicarse a integracionproductiva@florenciovarela.gov.ar.<\/p>\n","protected":false},"excerpt":{"rendered":"<p>En coordinaci\u00f3n<\/p>\n","protected":false},"author":1,"featured_media":52557,"comment_status":"closed","ping_status":"closed","sticky":false,"template":"","format":"standard","meta":{"footnotes":""},"categories":[8,3],"tags":[30],"class_list":["post-52556","post","type-post","status-publish","format-standard","has-post-thumbnail","hentry","category-para-agendar","category-regionales","tag-varela"],"_links":{"self":[{"href":"https:\/\/panoramadelsur.com.ar\/index.php?rest_route=\/wp\/v2\/posts\/52556","targetHints":{"allow":["GET"]}}],"collection":[{"href":"https:\/\/panoramadelsur.com.ar\/index.php?rest_route=\/wp\/v2\/posts"}],"about":[{"href":"https:\/\/panoramadelsur.com.ar\/index.php?rest_route=\/wp\/v2\/types\/post"}],"author":[{"embeddable":true,"href":"https:\/\/panoramadelsur.com.ar\/index.php?rest_route=\/wp\/v2\/users\/1"}],"replies":[{"embeddable":true,"href":"https:\/\/panoramadelsur.com.ar\/index.php?rest_route=%2Fwp%2Fv2%2Fcomments&post=52556"}],"version-history":[{"count":1,"href":"https:\/\/panoramadelsur.com.ar\/index.php?rest_route=\/wp\/v2\/posts\/52556\/revisions"}],"predecessor-version":[{"id":52558,"href":"https:\/\/panoramadelsur.com.ar\/index.php?rest_route=\/wp\/v2\/posts\/52556\/revisions\/52558"}],"wp:featuredmedia":[{"embeddable":true,"href":"https:\/\/panoramadelsur.com.ar\/index.php?rest_route=\/wp\/v2\/media\/52557"}],"wp:attachment":[{"href":"https:\/\/panoramadelsur.com.ar\/index.php?rest_route=%2Fwp%2Fv2%2Fmedia&parent=52556"}],"wp:term":[{"taxonomy":"category","embeddable":true,"href":"https:\/\/panoramadelsur.com.ar\/index.php?rest_route=%2Fwp%2Fv2%2Fcategories&post=52556"},{"taxonomy":"post_tag","embeddable":true,"href":"https:\/\/panoramadelsur.com.ar\/index.php?rest_route=%2Fwp%2Fv2%2Ftags&post=52556"}],"curies":[{"name":"wp","href":"https:\/\/api.w.org\/{rel}","templated":true}]}}