{"id":52559,"date":"2024-05-31T01:05:00","date_gmt":"2024-05-31T04:05:00","guid":{"rendered":"https:\/\/panoramadelsur.com.ar\/?p=52559"},"modified":"2024-05-28T21:15:20","modified_gmt":"2024-05-29T00:15:20","slug":"llega-una-nueva-edicion-de-varela-freestyle","status":"publish","type":"post","link":"https:\/\/panoramadelsur.com.ar\/?p=52559","title":{"rendered":"LLEGA UNA NUEVA EDICI\u00d3N DE \u00abVARELA FREESTYLE\u00bb"},"content":{"rendered":"\n<p>Cada primer domingo del mes, la Casa de la Cultura es el escenario elegido para la improvisaci\u00f3n y el encuentro estipulado el 2 de junio de 18 a 21 hs. ser\u00e1 una ocasi\u00f3n especial.<\/p>\n\n\n\n<p>El director de Actividades Musicales municipal -Leandro Zaworotny- adelanta: \u201cSer\u00e1 la antesala a la etapa local de los Juegos Bonaerenses que tendr\u00e1 lugar el jueves 19 en la instituci\u00f3n de la calle Mitre N\u00ba149\u201d.<\/p>\n\n\n\n<p>Lautaro \u201cLauta\u201d Lezcano, coordinador de la iniciativa, detalla: \u00abReplicaremos el formato del torneo a disputarse en Mar del Plata para que los chicos y las chicas puedan adaptarse, sepan c\u00f3mo desenvolverse el d\u00eda de la competencia\u201d.<\/p>\n\n\n\n<p>\u201cComo siempre, tendremos 16 cupos. Participar\u00e1n los y las representantes del certamen provincial m\u00e1s todo aquel que desee concursar\u201d, finaliza uno de los anfitriones.<\/p>\n","protected":false},"excerpt":{"rendered":"<p>Cada primer<\/p>\n","protected":false},"author":1,"featured_media":52561,"comment_status":"closed","ping_status":"closed","sticky":false,"template":"","format":"standard","meta":{"footnotes":""},"categories":[3],"tags":[30],"class_list":["post-52559","post","type-post","status-publish","format-standard","has-post-thumbnail","hentry","category-regionales","tag-varela"],"_links":{"self":[{"href":"https:\/\/panoramadelsur.com.ar\/index.php?rest_route=\/wp\/v2\/posts\/52559","targetHints":{"allow":["GET"]}}],"collection":[{"href":"https:\/\/panoramadelsur.com.ar\/index.php?rest_route=\/wp\/v2\/posts"}],"about":[{"href":"https:\/\/panoramadelsur.com.ar\/index.php?rest_route=\/wp\/v2\/types\/post"}],"author":[{"embeddable":true,"href":"https:\/\/panoramadelsur.com.ar\/index.php?rest_route=\/wp\/v2\/users\/1"}],"replies":[{"embeddable":true,"href":"https:\/\/panoramadelsur.com.ar\/index.php?rest_route=%2Fwp%2Fv2%2Fcomments&post=52559"}],"version-history":[{"count":1,"href":"https:\/\/panoramadelsur.com.ar\/index.php?rest_route=\/wp\/v2\/posts\/52559\/revisions"}],"predecessor-version":[{"id":52562,"href":"https:\/\/panoramadelsur.com.ar\/index.php?rest_route=\/wp\/v2\/posts\/52559\/revisions\/52562"}],"wp:featuredmedia":[{"embeddable":true,"href":"https:\/\/panoramadelsur.com.ar\/index.php?rest_route=\/wp\/v2\/media\/52561"}],"wp:attachment":[{"href":"https:\/\/panoramadelsur.com.ar\/index.php?rest_route=%2Fwp%2Fv2%2Fmedia&parent=52559"}],"wp:term":[{"taxonomy":"category","embeddable":true,"href":"https:\/\/panoramadelsur.com.ar\/index.php?rest_route=%2Fwp%2Fv2%2Fcategories&post=52559"},{"taxonomy":"post_tag","embeddable":true,"href":"https:\/\/panoramadelsur.com.ar\/index.php?rest_route=%2Fwp%2Fv2%2Ftags&post=52559"}],"curies":[{"name":"wp","href":"https:\/\/api.w.org\/{rel}","templated":true}]}}