{"id":52566,"date":"2024-05-29T14:45:25","date_gmt":"2024-05-29T17:45:25","guid":{"rendered":"https:\/\/panoramadelsur.com.ar\/?p=52566"},"modified":"2024-05-29T14:45:25","modified_gmt":"2024-05-29T17:45:25","slug":"crisis-del-gas-cierran-todas-las-estaciones-de-gnc-del-pais-y-piden-cortes-a-las-industrias","status":"publish","type":"post","link":"https:\/\/panoramadelsur.com.ar\/?p=52566","title":{"rendered":"CRISIS DEL GAS: CIERRAN TODAS LAS ESTACIONES DE GNC DEL PA\u00cdS Y PIDEN CORTES A LAS INDUSTRIAS"},"content":{"rendered":"\n<p>El conflicto por la falta de gas en el pa\u00eds se profundiz\u00f3 en las \u00faltimas horas, con la decisi\u00f3n de\u00a0cortar el suministro por tiempo indeterminado a las estaciones de servicio de GNC en todo el pa\u00eds y a m\u00e1s de un centenar de industrias de las provincias de Buenos Aires, Santa Fe y C\u00f3rdoba.<\/p>\n\n\n\n<p>El vicepresidente de la C\u00e1mara de Expendedores de Gas Natural Comprimido (GNC),\u00a0Oscar Olivero, confirm\u00f3 este mi\u00e9rcoles que las estaciones de servicio de GNC en todo el pa\u00eds estar\u00e1n cerradas durante la jornada debido a la restricci\u00f3n en el suministro de gas natural.<\/p>\n\n\n\n<p>El martes, el Comit\u00e9 de Emergencia convocado por la secretar\u00eda de Energ\u00eda decidi\u00f3 que haya\u00a0cortes de gas a todas las estaciones del pa\u00eds y tambi\u00e9n a las industrias, para poder garantizar el gas para los hogares, comercios, escuelas y hospitales.<\/p>\n\n\n\n<p>Este mi\u00e9rcoles, el vocero presidencial\u00a0Manuel Adorni\u00a0afirm\u00f3 en su habitual conferencia de prensa en la Casa Rosada que\u00a0el abastecimiento y la distribuci\u00f3n de gas \u201cva a volver a funcionar normalmente entrada la noche de hoy\u201d, ya que un buque de la empresa brasile\u00f1a Petrobras \u201cse encuentra descargando en este momento material para reabastecer el suministro de energ\u00eda\u201d, y adelant\u00f3 que \u201cotra decena de barcos van a colaborar con que no haya faltante de gas ni ahora ni m\u00e1s adelante\u201d.<\/p>\n\n\n\n<p>Adorni remarc\u00f3 que es un a\u00f1o con \u201ctemperaturas at\u00edpicas\u201d y con un\u00a0\u201cr\u00e9cord de fr\u00edo para esta estaci\u00f3n en los \u00faltimos 44 a\u00f1os\u201d, mientras que \u201cla demanda se increment\u00f3 de manera repentina cerca de un 55 por ciento\u201d en la variaci\u00f3n interanual.<\/p>\n\n\n\n<p>En declaraciones a varias radios, Olivero explic\u00f3 que la medida de cortar el GNC se adopta para priorizar el abastecimiento de gasa hogares, escuelas y hospitales, en el contexto de problemas en la infraestructura de transporte de gas por las medidas adoptadas por el gobierno de Milei.<\/p>\n\n\n\n<p>Olivero dijo adem\u00e1s que el problema podr\u00eda extenderse por dos o tres d\u00edas m\u00e1s:\u00a0\u201cAunque est\u00e9 amarrado el barco con el gas, hay que hacer un proceso que demora m\u00ednimo entre 48 y 72 horas\u201d, indic\u00f3.<\/p>\n\n\n\n<p>\u201cCuando en un gasoducto, de 10 millones de metros c\u00fabicos que estaba consumiendo el sector residencial en los primeros d\u00edas de mayo, se aument\u00f3 a 60 millones y lleg\u00f3 a 80 millones, el consumo residencial prioritario\u201d, explic\u00f3 Olivero esta ma\u00f1ana.<\/p>\n\n\n\n<p>\u201cHasta hoy, las estaciones de servicio que ten\u00edan contratado gas firme en el promedio de su venta diaria para los d\u00edas de fr\u00edo no ten\u00edan problema\u201d, indic\u00f3. Pero,\u00a0durante la madrugada, las estaciones recibieron una comunicaci\u00f3n que restring\u00eda el suministro de GNC incluso para aquellas que contaban con contratos firmes.<\/p>\n","protected":false},"excerpt":{"rendered":"<p>El conflicto<\/p>\n","protected":false},"author":1,"featured_media":52567,"comment_status":"closed","ping_status":"closed","sticky":false,"template":"","format":"standard","meta":{"footnotes":""},"categories":[4],"tags":[59],"class_list":["post-52566","post","type-post","status-publish","format-standard","has-post-thumbnail","hentry","category-nacionales","tag-nacionales"],"_links":{"self":[{"href":"https:\/\/panoramadelsur.com.ar\/index.php?rest_route=\/wp\/v2\/posts\/52566","targetHints":{"allow":["GET"]}}],"collection":[{"href":"https:\/\/panoramadelsur.com.ar\/index.php?rest_route=\/wp\/v2\/posts"}],"about":[{"href":"https:\/\/panoramadelsur.com.ar\/index.php?rest_route=\/wp\/v2\/types\/post"}],"author":[{"embeddable":true,"href":"https:\/\/panoramadelsur.com.ar\/index.php?rest_route=\/wp\/v2\/users\/1"}],"replies":[{"embeddable":true,"href":"https:\/\/panoramadelsur.com.ar\/index.php?rest_route=%2Fwp%2Fv2%2Fcomments&post=52566"}],"version-history":[{"count":1,"href":"https:\/\/panoramadelsur.com.ar\/index.php?rest_route=\/wp\/v2\/posts\/52566\/revisions"}],"predecessor-version":[{"id":52568,"href":"https:\/\/panoramadelsur.com.ar\/index.php?rest_route=\/wp\/v2\/posts\/52566\/revisions\/52568"}],"wp:featuredmedia":[{"embeddable":true,"href":"https:\/\/panoramadelsur.com.ar\/index.php?rest_route=\/wp\/v2\/media\/52567"}],"wp:attachment":[{"href":"https:\/\/panoramadelsur.com.ar\/index.php?rest_route=%2Fwp%2Fv2%2Fmedia&parent=52566"}],"wp:term":[{"taxonomy":"category","embeddable":true,"href":"https:\/\/panoramadelsur.com.ar\/index.php?rest_route=%2Fwp%2Fv2%2Fcategories&post=52566"},{"taxonomy":"post_tag","embeddable":true,"href":"https:\/\/panoramadelsur.com.ar\/index.php?rest_route=%2Fwp%2Fv2%2Ftags&post=52566"}],"curies":[{"name":"wp","href":"https:\/\/api.w.org\/{rel}","templated":true}]}}