{"id":52584,"date":"2024-05-30T18:50:31","date_gmt":"2024-05-30T21:50:31","guid":{"rendered":"https:\/\/panoramadelsur.com.ar\/?p=52584"},"modified":"2024-05-29T18:54:09","modified_gmt":"2024-05-29T21:54:09","slug":"cristina-kirchner-la-idea-de-superavit-fiscal-o-muerte-esta-destinada-al-fracaso","status":"publish","type":"post","link":"https:\/\/panoramadelsur.com.ar\/?p=52584","title":{"rendered":"CRISTINA KIRCHNER: \u00abLA IDEA DE \u00a1SUPER\u00c1VIT FISCAL O MUERTE! EST\u00c1 DESTINADA AL FRACASO\u00bb"},"content":{"rendered":"\n<p>La ex vicepresidenta\u00a0Cristina Fern\u00e1ndez de Kirchner public\u00f3 un mensaje en su cuenta personal de la red social X donde afirm\u00f3 que \u201cla idea de \u00a1super\u00e1vit fiscal o muerte!, como todo dogma (excepto los de la F\u00e9), est\u00e1 destinado al fracaso\u201d.<\/p>\n\n\n\n<p>Asimismo, asever\u00f3 que en la gesti\u00f3n de\u00a0Javier Milei\u00a0\u201cal problema de los funcionarios que tampoco funcionan (porque no saben o no entienden)\u201d, se le suman\u00a0\u201cideas que no funcionan\u201d\u00a0que es un \u201ccombo letal\u201d a la hora de gobernar.<\/p>\n\n\n\n<p>\u201c<em>La paralizaci\u00f3n de obras absolutamente complementarias pero imprescindibles (l\u00e9ase compresores) al gasoducto N\u00e9stor Kirchner (aut\u00e9ntica obra p\u00fablica estructural) bajo el slogan para redes de \u2018no hay plata\u2019, revelan la falta de conocimiento o la confusi\u00f3n que hay en torno al concepto de gasto p\u00fablico, sobre todo cuando ese gasto es en realidad una inversi\u00f3n porque permite que el Estado evite gastos mayores posteriores<\/em>\u201d, resalt\u00f3.<\/p>\n\n\n\n<p>Por otra parte,\u00a0se\u00f1al\u00f3 que el Gobierno tiene \u201csuper\u00e1vit dibujado (en mi barrio le dicen trucho)\u201d,\u00a0y que \u201c<em>por no girar fondos a las contratistas que estaban ejecutando las obras de los compresores por alrededor de 40 millones de d\u00f3lares<\/em>\u201d, contrataron barcos a valores superiores.<\/p>\n\n\n\n<p>\u201cHasta ac\u00e1 la idea no funcion\u00f3, pero adem\u00e1s, cuando calcularon los buques que ten\u00edan que comprar, los funcionarios calcularon mal o no tuvieron previsi\u00f3n\u201d, sentenci\u00f3.<\/p>\n\n\n\n<p>Para finalizar, apunt\u00f3 nuevamente contra el Gabinete y declar\u00f3 que\u00a0\u201cnada puede salir bien\u201d si los funcionarios ni sus ideas funcionan.<\/p>\n\n\n\n<p><strong>\u201c<\/strong>No voy a hacer ning\u00fan comentario sobre la ausencia del Presidente en estos momentos tan complicados, por estar de gira art\u00edstica en el pa\u00eds del norte.\u00a0Ya lo hab\u00edamos caracterizado el 14 de febrero en nuestro documento \u2018Argentina en su tercera crisis de deuda\u2019: un showmaneconomista en la Rosada\u201d, concluy\u00f3.<\/p>\n","protected":false},"excerpt":{"rendered":"<p>La ex<\/p>\n","protected":false},"author":1,"featured_media":52585,"comment_status":"closed","ping_status":"closed","sticky":false,"template":"","format":"standard","meta":{"footnotes":""},"categories":[4],"tags":[],"class_list":["post-52584","post","type-post","status-publish","format-standard","has-post-thumbnail","hentry","category-nacionales"],"_links":{"self":[{"href":"https:\/\/panoramadelsur.com.ar\/index.php?rest_route=\/wp\/v2\/posts\/52584","targetHints":{"allow":["GET"]}}],"collection":[{"href":"https:\/\/panoramadelsur.com.ar\/index.php?rest_route=\/wp\/v2\/posts"}],"about":[{"href":"https:\/\/panoramadelsur.com.ar\/index.php?rest_route=\/wp\/v2\/types\/post"}],"author":[{"embeddable":true,"href":"https:\/\/panoramadelsur.com.ar\/index.php?rest_route=\/wp\/v2\/users\/1"}],"replies":[{"embeddable":true,"href":"https:\/\/panoramadelsur.com.ar\/index.php?rest_route=%2Fwp%2Fv2%2Fcomments&post=52584"}],"version-history":[{"count":1,"href":"https:\/\/panoramadelsur.com.ar\/index.php?rest_route=\/wp\/v2\/posts\/52584\/revisions"}],"predecessor-version":[{"id":52586,"href":"https:\/\/panoramadelsur.com.ar\/index.php?rest_route=\/wp\/v2\/posts\/52584\/revisions\/52586"}],"wp:featuredmedia":[{"embeddable":true,"href":"https:\/\/panoramadelsur.com.ar\/index.php?rest_route=\/wp\/v2\/media\/52585"}],"wp:attachment":[{"href":"https:\/\/panoramadelsur.com.ar\/index.php?rest_route=%2Fwp%2Fv2%2Fmedia&parent=52584"}],"wp:term":[{"taxonomy":"category","embeddable":true,"href":"https:\/\/panoramadelsur.com.ar\/index.php?rest_route=%2Fwp%2Fv2%2Fcategories&post=52584"},{"taxonomy":"post_tag","embeddable":true,"href":"https:\/\/panoramadelsur.com.ar\/index.php?rest_route=%2Fwp%2Fv2%2Ftags&post=52584"}],"curies":[{"name":"wp","href":"https:\/\/api.w.org\/{rel}","templated":true}]}}