{"id":52593,"date":"2024-05-29T19:24:55","date_gmt":"2024-05-29T22:24:55","guid":{"rendered":"https:\/\/panoramadelsur.com.ar\/?p=52593"},"modified":"2024-05-29T19:24:55","modified_gmt":"2024-05-29T22:24:55","slug":"tarifas-la-defensoria-del-pueblo-bonaerense-le-reclamo-al-gobierno-que-de-marcha-atras-con-la-quita-de-subsidios","status":"publish","type":"post","link":"https:\/\/panoramadelsur.com.ar\/?p=52593","title":{"rendered":"TARIFAS: LA DEFENSOR\u00cdA DEL PUEBLO BONAERENSE LE RECLAM\u00d3 AL GOBIERNO QUE D\u00c9 MARCHA ATR\u00c1S CON LA QUITA DE SUBSIDIOS"},"content":{"rendered":"\n<p>La Defensor\u00eda del Pueblo bonaerense le reclam\u00f3 al gobierno nacional que deje sin efecto la aplicaci\u00f3n del decreto que les quita los subsidios a los servicios de luz y gas a las y los usuarios de ingresos bajos y medios.<\/p>\n\n\n\n<p>\u201cEs una medida que provoca que miles de usuarios y usuarias caigan en lo que se llama pobreza energ\u00e9tica, ya que quedan totalmente desamparados a la hora de pagar las facturas, lo que en un contexto de crisis y aumentos generalizados es la peor situaci\u00f3n posible\u201d, indic\u00f3 el Defensor del Pueblo, Guido Lorenzino.<\/p>\n\n\n\n<p>En su reclamo el organismo tambi\u00e9n le solicit\u00f3 a la Secretar\u00eda de Energ\u00eda que informe la cantidad de usuarios y usuarias que ser\u00edan alcanzados por este esquema, que nivela desde junio a los de ingresos bajos y medios (N2 y N4) con los de ingresos altos (N1).<\/p>\n\n\n\n<p>\u201cEntendemos la realidad del sistema energ\u00e9tico, pero siempre pedimos que las tarifas sean racionales y proporcionales para que las personas no sean la \u00fanica variable de ajuste, sobre todo en un contexto en que la econom\u00eda familiar est\u00e1 en jaque\u201d, finaliz\u00f3 Lorenzino.<\/p>\n\n\n\n<p>Con el decreto que rechaza la Defensor\u00eda, el gobierno nacional busca reducir gradualmente los subsidios en las boletas de luz y gas para \u00abtrasladar los costos reales\u00bb a las y los usuarios. La medida se aplicar\u00e1 desde el 1 de junio hasta el 30 de noviembre y podr\u00e1 ser prorrogada una \u00fanica vez.<\/p>\n","protected":false},"excerpt":{"rendered":"<p>La Defensor\u00eda<\/p>\n","protected":false},"author":1,"featured_media":52594,"comment_status":"closed","ping_status":"closed","sticky":false,"template":"","format":"standard","meta":{"footnotes":""},"categories":[5],"tags":[],"class_list":["post-52593","post","type-post","status-publish","format-standard","has-post-thumbnail","hentry","category-provincia"],"_links":{"self":[{"href":"https:\/\/panoramadelsur.com.ar\/index.php?rest_route=\/wp\/v2\/posts\/52593","targetHints":{"allow":["GET"]}}],"collection":[{"href":"https:\/\/panoramadelsur.com.ar\/index.php?rest_route=\/wp\/v2\/posts"}],"about":[{"href":"https:\/\/panoramadelsur.com.ar\/index.php?rest_route=\/wp\/v2\/types\/post"}],"author":[{"embeddable":true,"href":"https:\/\/panoramadelsur.com.ar\/index.php?rest_route=\/wp\/v2\/users\/1"}],"replies":[{"embeddable":true,"href":"https:\/\/panoramadelsur.com.ar\/index.php?rest_route=%2Fwp%2Fv2%2Fcomments&post=52593"}],"version-history":[{"count":1,"href":"https:\/\/panoramadelsur.com.ar\/index.php?rest_route=\/wp\/v2\/posts\/52593\/revisions"}],"predecessor-version":[{"id":52595,"href":"https:\/\/panoramadelsur.com.ar\/index.php?rest_route=\/wp\/v2\/posts\/52593\/revisions\/52595"}],"wp:featuredmedia":[{"embeddable":true,"href":"https:\/\/panoramadelsur.com.ar\/index.php?rest_route=\/wp\/v2\/media\/52594"}],"wp:attachment":[{"href":"https:\/\/panoramadelsur.com.ar\/index.php?rest_route=%2Fwp%2Fv2%2Fmedia&parent=52593"}],"wp:term":[{"taxonomy":"category","embeddable":true,"href":"https:\/\/panoramadelsur.com.ar\/index.php?rest_route=%2Fwp%2Fv2%2Fcategories&post=52593"},{"taxonomy":"post_tag","embeddable":true,"href":"https:\/\/panoramadelsur.com.ar\/index.php?rest_route=%2Fwp%2Fv2%2Ftags&post=52593"}],"curies":[{"name":"wp","href":"https:\/\/api.w.org\/{rel}","templated":true}]}}