{"id":52612,"date":"2024-05-30T17:47:44","date_gmt":"2024-05-30T20:47:44","guid":{"rendered":"https:\/\/panoramadelsur.com.ar\/?p=52612"},"modified":"2024-05-30T17:47:46","modified_gmt":"2024-05-30T20:47:46","slug":"el-fabricante-de-la-gotita-poxipol-y-voligoma-suspendio-a-150-operarios-por-la-baja-en-el-consumo","status":"publish","type":"post","link":"https:\/\/panoramadelsur.com.ar\/?p=52612","title":{"rendered":"EL FABRICANTE DE LA GOTITA, POXIPOL Y VOLIGOMA SUSPENDI\u00d3 A 150 OPERARIOS POR LA BAJA EN EL CONSUMO"},"content":{"rendered":"\n<p>En medio de una\u00a0muy fuerte ca\u00edda de ventas,\u00a0que llev\u00f3 a la acumulaci\u00f3n de stocks, el fabricante de productos muy populares como\u00a0La Gotita, Voligoma y Poxipol\u00a0suspendi\u00f3 a 150 operarios de su planta bonaerense de Pilar.<\/p>\n\n\n\n<p>La empresa Akapol, que tambi\u00e9n produce Fastix y Poxi-Ran, explic\u00f3 que la ca\u00edda de ventas en medio de la recesi\u00f3n hizo que se acumular\u00e1n stocks muy por encima de lo previsto.<\/p>\n\n\n\n<p>Las suspensiones regir\u00e1n en principio por dos meses.&nbsp;<\/p>\n\n\n\n<p>Seg\u00fan inform\u00f3 Pilar a Diario, la empresa fundada en 1960 inform\u00f3 que\u00a0bajaron mucho las ventas desde principios de a\u00f1o\u00a0y se cuenta con stock para abastecer la plaza por los pr\u00f3ximos cinco meses.<\/p>\n\n\n\n<p>En las \u00faltimas semanas se empezaron a extender las suspensiones y los despidos en grandes empresas de diferentes sectores.&nbsp;<\/p>\n\n\n\n<p>La principal firma de grifer\u00edas del pa\u00eds, FV, ya anunci\u00f3 un plan de suspensiones para 800 operarios.&nbsp;<\/p>\n\n\n\n<p>Hubo adem\u00e1s cierres de dos textiles en provincias del norte del pa\u00eds.<\/p>\n\n\n\n<p>Por su parte, el fabricante de electrodom\u00e9sticos Whirpool anunci\u00f3 una reestructuraci\u00f3n que incluye el recorte de un turno de producci\u00f3n y la reducci\u00f3n de al menos 60 puestos de trabajo en su planta de Pilar.<\/p>\n\n\n\n<p>Fate, una de las mayores empresas de fabricaci\u00f3n y exportaci\u00f3n de neum\u00e1ticos en el pa\u00eds, anunci\u00f3 el recorte de 97 empleos por \u201cp\u00e9rdida de competitividad\u201d en su rubro.<\/p>\n\n\n\n<p>En este escenario, Acindar eval\u00faa paralizar por segunda vez en el a\u00f1o su planta de Villa Constituci\u00f3n (Santa Fe), de la que dependen unas 2.500 personas.&nbsp;<\/p>\n\n\n\n<p>Entre las automotrices, General Motors paraliz\u00f3 tres veces la producci\u00f3n en el a\u00f1o y puso en marcha un programa de retiros voluntarios (tiene 1.200 empleados).&nbsp;<\/p>\n\n\n\n<p>Por su parte, Toyota estima recortar a 400 de sus 8.500 operarios y Renault no renov\u00f3 270 contratos.<\/p>\n\n\n\n<p>La multinacional Pepsico despidi\u00f3 a 36 de sus 400 trabajadores de la planta del Parque Industrial General Savio de Mar del Plata.&nbsp;<\/p>\n\n\n\n<p>En la mayor\u00eda de las industrias se insiste en se\u00f1alar que se est\u00e1 ante un escenario econ\u00f3mico de fuerte ca\u00edda del consumo y con perspectivas inciertas sobre una recuperaci\u00f3n r\u00e1pida, como sostiene el Gobierno.<\/p>\n","protected":false},"excerpt":{"rendered":"<p>En medio<\/p>\n","protected":false},"author":1,"featured_media":52613,"comment_status":"closed","ping_status":"closed","sticky":false,"template":"","format":"standard","meta":{"footnotes":""},"categories":[4],"tags":[],"class_list":["post-52612","post","type-post","status-publish","format-standard","has-post-thumbnail","hentry","category-nacionales"],"_links":{"self":[{"href":"https:\/\/panoramadelsur.com.ar\/index.php?rest_route=\/wp\/v2\/posts\/52612","targetHints":{"allow":["GET"]}}],"collection":[{"href":"https:\/\/panoramadelsur.com.ar\/index.php?rest_route=\/wp\/v2\/posts"}],"about":[{"href":"https:\/\/panoramadelsur.com.ar\/index.php?rest_route=\/wp\/v2\/types\/post"}],"author":[{"embeddable":true,"href":"https:\/\/panoramadelsur.com.ar\/index.php?rest_route=\/wp\/v2\/users\/1"}],"replies":[{"embeddable":true,"href":"https:\/\/panoramadelsur.com.ar\/index.php?rest_route=%2Fwp%2Fv2%2Fcomments&post=52612"}],"version-history":[{"count":1,"href":"https:\/\/panoramadelsur.com.ar\/index.php?rest_route=\/wp\/v2\/posts\/52612\/revisions"}],"predecessor-version":[{"id":52614,"href":"https:\/\/panoramadelsur.com.ar\/index.php?rest_route=\/wp\/v2\/posts\/52612\/revisions\/52614"}],"wp:featuredmedia":[{"embeddable":true,"href":"https:\/\/panoramadelsur.com.ar\/index.php?rest_route=\/wp\/v2\/media\/52613"}],"wp:attachment":[{"href":"https:\/\/panoramadelsur.com.ar\/index.php?rest_route=%2Fwp%2Fv2%2Fmedia&parent=52612"}],"wp:term":[{"taxonomy":"category","embeddable":true,"href":"https:\/\/panoramadelsur.com.ar\/index.php?rest_route=%2Fwp%2Fv2%2Fcategories&post=52612"},{"taxonomy":"post_tag","embeddable":true,"href":"https:\/\/panoramadelsur.com.ar\/index.php?rest_route=%2Fwp%2Fv2%2Ftags&post=52612"}],"curies":[{"name":"wp","href":"https:\/\/api.w.org\/{rel}","templated":true}]}}