{"id":52633,"date":"2024-06-03T01:06:00","date_gmt":"2024-06-03T04:06:00","guid":{"rendered":"https:\/\/panoramadelsur.com.ar\/?p=52633"},"modified":"2024-05-30T18:59:22","modified_gmt":"2024-05-30T21:59:22","slug":"la-clinica-veterinaria-municipal-rescato-a-una-perra-que-era-atada-con-alambre-de-pua","status":"publish","type":"post","link":"https:\/\/panoramadelsur.com.ar\/?p=52633","title":{"rendered":"LA CL\u00cdNICA VETERINARIA MUNICIPAL RESCAT\u00d3 A UNA PERRA QUE ERA ATADA CON ALAMBRE DE P\u00daA"},"content":{"rendered":"\n<p>Personal de la Cl\u00ednica Veterinaria Municipal de Berazategui y efectivos policiales rescataron a una perrita que era maltratada y estaba atada con alambre de p\u00faa en el cuello, por parte de sus due\u00f1as, en la localidad de Juan Mar\u00eda Guti\u00e9rrez. El animal fue trasladado de urgencia a la Cl\u00ednica, donde profesionales le salvaron la vida; sus heridas ya cicatrizaron y goza de un buen estado de salud.<\/p>\n\n\n\n<p>\u201cEl s\u00e1bado 4 de mayo recibimos un llamado del Centro de Operaciones Municipal para acercarnos a la Comisar\u00eda por un caso de maltrato animal -por orden de la Fiscal\u00eda-. Inmediatamente, trajimos a la perrita a nuestras instalaciones, donde le brindamos la atenci\u00f3n veterinaria correspondiente y ahora se encuentra bajo nuestro resguardo\u201d, inform\u00f3 Lina Osorio, directora de la Cl\u00ednica Veterinaria Municipal.<\/p>\n\n\n\n<p>Y agreg\u00f3: \u201cAhora est\u00e1 mucho mejor, pero es un animalito que tiene mucho miedo; es evidente que ha sido maltratada. La perrita viene respondiendo, se est\u00e1 haciendo cada vez m\u00e1s sociable y contin\u00faa evolucionando. Adem\u00e1s de sanar sus heridas f\u00edsicas, tambi\u00e9n estamos curando sus heridas emocionales. La nombramos Gloria. Le estamos dando amor y est\u00e1 aprendiendo a recibirlo\u201d.<\/p>\n\n\n\n<p>Ante situaciones de maltrato se realiza el secuestro inmediato y definitivo del animal, y se aplican severas multas. Por eso, los vecinos y vecinas pueden comunicarse todos los d\u00edas, las 24 horas, con el Centro de Operaciones Municipal (COM) al 0800-999-2525 \/ 0247 ante casos que sucedan en la v\u00eda p\u00fablica. Si suceden en propiedad privada, hay que realizar la denuncia en la Fiscal\u00eda.<\/p>\n","protected":false},"excerpt":{"rendered":"<p>Personal de<\/p>\n","protected":false},"author":1,"featured_media":52634,"comment_status":"closed","ping_status":"closed","sticky":false,"template":"","format":"standard","meta":{"footnotes":""},"categories":[3],"tags":[40],"class_list":["post-52633","post","type-post","status-publish","format-standard","has-post-thumbnail","hentry","category-regionales","tag-berazategui"],"_links":{"self":[{"href":"https:\/\/panoramadelsur.com.ar\/index.php?rest_route=\/wp\/v2\/posts\/52633","targetHints":{"allow":["GET"]}}],"collection":[{"href":"https:\/\/panoramadelsur.com.ar\/index.php?rest_route=\/wp\/v2\/posts"}],"about":[{"href":"https:\/\/panoramadelsur.com.ar\/index.php?rest_route=\/wp\/v2\/types\/post"}],"author":[{"embeddable":true,"href":"https:\/\/panoramadelsur.com.ar\/index.php?rest_route=\/wp\/v2\/users\/1"}],"replies":[{"embeddable":true,"href":"https:\/\/panoramadelsur.com.ar\/index.php?rest_route=%2Fwp%2Fv2%2Fcomments&post=52633"}],"version-history":[{"count":1,"href":"https:\/\/panoramadelsur.com.ar\/index.php?rest_route=\/wp\/v2\/posts\/52633\/revisions"}],"predecessor-version":[{"id":52635,"href":"https:\/\/panoramadelsur.com.ar\/index.php?rest_route=\/wp\/v2\/posts\/52633\/revisions\/52635"}],"wp:featuredmedia":[{"embeddable":true,"href":"https:\/\/panoramadelsur.com.ar\/index.php?rest_route=\/wp\/v2\/media\/52634"}],"wp:attachment":[{"href":"https:\/\/panoramadelsur.com.ar\/index.php?rest_route=%2Fwp%2Fv2%2Fmedia&parent=52633"}],"wp:term":[{"taxonomy":"category","embeddable":true,"href":"https:\/\/panoramadelsur.com.ar\/index.php?rest_route=%2Fwp%2Fv2%2Fcategories&post=52633"},{"taxonomy":"post_tag","embeddable":true,"href":"https:\/\/panoramadelsur.com.ar\/index.php?rest_route=%2Fwp%2Fv2%2Ftags&post=52633"}],"curies":[{"name":"wp","href":"https:\/\/api.w.org\/{rel}","templated":true}]}}