{"id":52639,"date":"2024-05-31T01:08:00","date_gmt":"2024-05-31T04:08:00","guid":{"rendered":"https:\/\/panoramadelsur.com.ar\/?p=52639"},"modified":"2024-05-30T19:26:30","modified_gmt":"2024-05-30T22:26:30","slug":"importante-obra-de-extension-cloacal-en-ranelagh","status":"publish","type":"post","link":"https:\/\/panoramadelsur.com.ar\/?p=52639","title":{"rendered":"IMPORTANTE OBRA DE EXTENSI\u00d3N CLOACAL EN RANELAGH"},"content":{"rendered":"\n<p><strong>Contin\u00faan las obras de extensi\u00f3n de la red cloacal en la localidad de Ranelagh, para beneficio de aproximadamente 12 mil habitantes. Estos trabajos son financiados por el Gobierno provincial y fueron solicitados por el intendente de Berazategui, Juan Jos\u00e9 Mussi.<\/strong><\/p>\n\n\n\n<p>El \u00e1rea en cuesti\u00f3n se extiende desde la Av. Vergara hasta la calle 138; y desde la Av. Milazzo hasta 45.<\/p>\n\n\n\n<p>Al respecto, el secretario de Servicios P\u00fablicos de la Municipalidad, Sergio Faccenda, inform\u00f3: \u201cLas obras comprenden m\u00e1s de 16 mil metros de ca\u00f1er\u00eda y 2.400 conexiones domiciliarias nuevas para toda la red, regularizando el funcionamiento de las aguas que actualmente reciben las napas\u201d.<\/p>\n\n\n\n<p>En ese sentido, Faccenda detall\u00f3: \u201cHace cuatro a\u00f1os que venimos llevando adelante este tipo de obras en la red cloacal municipal, que nos permiten llegar a m\u00e1s zonas de Berazategui. De esta forma, seguimos generando infraestructura para mejorar la calidad de vida de todos nuestros vecinos y vecinas\u201d.<\/p>\n","protected":false},"excerpt":{"rendered":"<p>Contin\u00faan las<\/p>\n","protected":false},"author":1,"featured_media":52640,"comment_status":"closed","ping_status":"closed","sticky":false,"template":"","format":"standard","meta":{"footnotes":""},"categories":[3],"tags":[40],"class_list":["post-52639","post","type-post","status-publish","format-standard","has-post-thumbnail","hentry","category-regionales","tag-berazategui"],"_links":{"self":[{"href":"https:\/\/panoramadelsur.com.ar\/index.php?rest_route=\/wp\/v2\/posts\/52639","targetHints":{"allow":["GET"]}}],"collection":[{"href":"https:\/\/panoramadelsur.com.ar\/index.php?rest_route=\/wp\/v2\/posts"}],"about":[{"href":"https:\/\/panoramadelsur.com.ar\/index.php?rest_route=\/wp\/v2\/types\/post"}],"author":[{"embeddable":true,"href":"https:\/\/panoramadelsur.com.ar\/index.php?rest_route=\/wp\/v2\/users\/1"}],"replies":[{"embeddable":true,"href":"https:\/\/panoramadelsur.com.ar\/index.php?rest_route=%2Fwp%2Fv2%2Fcomments&post=52639"}],"version-history":[{"count":1,"href":"https:\/\/panoramadelsur.com.ar\/index.php?rest_route=\/wp\/v2\/posts\/52639\/revisions"}],"predecessor-version":[{"id":52641,"href":"https:\/\/panoramadelsur.com.ar\/index.php?rest_route=\/wp\/v2\/posts\/52639\/revisions\/52641"}],"wp:featuredmedia":[{"embeddable":true,"href":"https:\/\/panoramadelsur.com.ar\/index.php?rest_route=\/wp\/v2\/media\/52640"}],"wp:attachment":[{"href":"https:\/\/panoramadelsur.com.ar\/index.php?rest_route=%2Fwp%2Fv2%2Fmedia&parent=52639"}],"wp:term":[{"taxonomy":"category","embeddable":true,"href":"https:\/\/panoramadelsur.com.ar\/index.php?rest_route=%2Fwp%2Fv2%2Fcategories&post=52639"},{"taxonomy":"post_tag","embeddable":true,"href":"https:\/\/panoramadelsur.com.ar\/index.php?rest_route=%2Fwp%2Fv2%2Ftags&post=52639"}],"curies":[{"name":"wp","href":"https:\/\/api.w.org\/{rel}","templated":true}]}}