{"id":52642,"date":"2024-05-30T01:02:00","date_gmt":"2024-05-30T04:02:00","guid":{"rendered":"https:\/\/panoramadelsur.com.ar\/?p=52642"},"modified":"2024-05-30T19:38:19","modified_gmt":"2024-05-30T22:38:19","slug":"murio-nora-cortinas-presidenta-de-madres-de-plaza-de-mayo-linea-fundadora","status":"publish","type":"post","link":"https:\/\/panoramadelsur.com.ar\/?p=52642","title":{"rendered":"MURI\u00d3 NORA CORTI\u00d1AS, PRESIDENTA DE MADRES DE PLAZA DE MAYO L\u00cdNEA FUNDADORA"},"content":{"rendered":"\n<p>La titular de\u00a0Madres de Plaza de Mayo\u00a0L\u00ednea Fundadora,\u00a0Nora Corti\u00f1as, falleci\u00f3 a los 94 a\u00f1os tras permanecer varios d\u00edas internada.<\/p>\n\n\n\n<p>La referente de derechos humanos hab\u00eda sido sometida a una operaci\u00f3n por una hernia y su estado era grave.<\/p>\n\n\n\n<p>\u201cLa familia de Nora Irma Morales de Corti\u00f1as comunica su fallecimiento en el d\u00eda de la fecha, a los 94 a\u00f1os de edad\u201d, precisa el comunicado difundido a su vez por la familia.<\/p>\n\n\n\n<p>\u201cNorita hab\u00eda sido intervenida quir\u00fargicamente el pasado 17 de mayo en el Hospital de Mor\u00f3n por una hernia que se sum\u00f3 a otras patolog\u00edas que agravaron el cuadro\u201d, indic\u00f3 el texto.<\/p>\n","protected":false},"excerpt":{"rendered":"<p>La titular<\/p>\n","protected":false},"author":1,"featured_media":52643,"comment_status":"closed","ping_status":"closed","sticky":false,"template":"","format":"standard","meta":{"footnotes":""},"categories":[10,4],"tags":[],"class_list":["post-52642","post","type-post","status-publish","format-standard","has-post-thumbnail","hentry","category-mas-noticias","category-nacionales"],"_links":{"self":[{"href":"https:\/\/panoramadelsur.com.ar\/index.php?rest_route=\/wp\/v2\/posts\/52642","targetHints":{"allow":["GET"]}}],"collection":[{"href":"https:\/\/panoramadelsur.com.ar\/index.php?rest_route=\/wp\/v2\/posts"}],"about":[{"href":"https:\/\/panoramadelsur.com.ar\/index.php?rest_route=\/wp\/v2\/types\/post"}],"author":[{"embeddable":true,"href":"https:\/\/panoramadelsur.com.ar\/index.php?rest_route=\/wp\/v2\/users\/1"}],"replies":[{"embeddable":true,"href":"https:\/\/panoramadelsur.com.ar\/index.php?rest_route=%2Fwp%2Fv2%2Fcomments&post=52642"}],"version-history":[{"count":1,"href":"https:\/\/panoramadelsur.com.ar\/index.php?rest_route=\/wp\/v2\/posts\/52642\/revisions"}],"predecessor-version":[{"id":52644,"href":"https:\/\/panoramadelsur.com.ar\/index.php?rest_route=\/wp\/v2\/posts\/52642\/revisions\/52644"}],"wp:featuredmedia":[{"embeddable":true,"href":"https:\/\/panoramadelsur.com.ar\/index.php?rest_route=\/wp\/v2\/media\/52643"}],"wp:attachment":[{"href":"https:\/\/panoramadelsur.com.ar\/index.php?rest_route=%2Fwp%2Fv2%2Fmedia&parent=52642"}],"wp:term":[{"taxonomy":"category","embeddable":true,"href":"https:\/\/panoramadelsur.com.ar\/index.php?rest_route=%2Fwp%2Fv2%2Fcategories&post=52642"},{"taxonomy":"post_tag","embeddable":true,"href":"https:\/\/panoramadelsur.com.ar\/index.php?rest_route=%2Fwp%2Fv2%2Ftags&post=52642"}],"curies":[{"name":"wp","href":"https:\/\/api.w.org\/{rel}","templated":true}]}}