{"id":52645,"date":"2024-05-31T01:05:00","date_gmt":"2024-05-31T04:05:00","guid":{"rendered":"https:\/\/panoramadelsur.com.ar\/?p=52645"},"modified":"2024-05-30T19:43:53","modified_gmt":"2024-05-30T22:43:53","slug":"festival-padre-mugica-vive-en-el-corazon-de-su-pueblo-en-el-marco-de-los-50-anos-de-su-muerte-violenta","status":"publish","type":"post","link":"https:\/\/panoramadelsur.com.ar\/?p=52645","title":{"rendered":"FESTIVAL \u00abPADRE MUGICA VIVE EN EL CORAZ\u00d3N DE SU PUEBLO\u00bb EN EL MARCO DE LOS 50 A\u00d1OS DE SU MUERTE VIOLENTA."},"content":{"rendered":"\n<p>El Movimiento de Curas en la Opci\u00f3n por los y las pobres (OPP) invitan al\u00a0<strong>Festival\u00a0<em>\u00abPadre Mugica vive en el coraz\u00f3n de su pueblo\u00bb<\/em><\/strong>\u00a0que se realizar\u00e1 este\u00a0viernes 31 de mayo a las 20.00\u00a0en el Teatro Municipal de Quilmes (Av. Mitre 721, Quilmes), en el marco de las actividades por los 50 a\u00f1os de la muerte violenta del Padre Mugica.<br><br>El festival ser\u00e1 con entrada libre y gratuita y contar\u00e1 con la participaci\u00f3n especial de Teresa Parodi, Bruno Arias, Grupo La Tanquera, Jorge Boccanera, Que los tir\u00f3 y Ballet Folkl\u00f3rico de la UNA.<br><br>Junto con los Curas OPP invitan la Secretar\u00eda de Cultura del Municipio de Quilmes y el Instituto Cultural de la Provincia de Buenos Aires.<\/p>\n","protected":false},"excerpt":{"rendered":"<p>El Movimiento<\/p>\n","protected":false},"author":1,"featured_media":52646,"comment_status":"closed","ping_status":"closed","sticky":false,"template":"","format":"standard","meta":{"footnotes":""},"categories":[2],"tags":[17],"class_list":["post-52645","post","type-post","status-publish","format-standard","has-post-thumbnail","hentry","category-quilmes","tag-quilmes"],"_links":{"self":[{"href":"https:\/\/panoramadelsur.com.ar\/index.php?rest_route=\/wp\/v2\/posts\/52645","targetHints":{"allow":["GET"]}}],"collection":[{"href":"https:\/\/panoramadelsur.com.ar\/index.php?rest_route=\/wp\/v2\/posts"}],"about":[{"href":"https:\/\/panoramadelsur.com.ar\/index.php?rest_route=\/wp\/v2\/types\/post"}],"author":[{"embeddable":true,"href":"https:\/\/panoramadelsur.com.ar\/index.php?rest_route=\/wp\/v2\/users\/1"}],"replies":[{"embeddable":true,"href":"https:\/\/panoramadelsur.com.ar\/index.php?rest_route=%2Fwp%2Fv2%2Fcomments&post=52645"}],"version-history":[{"count":1,"href":"https:\/\/panoramadelsur.com.ar\/index.php?rest_route=\/wp\/v2\/posts\/52645\/revisions"}],"predecessor-version":[{"id":52647,"href":"https:\/\/panoramadelsur.com.ar\/index.php?rest_route=\/wp\/v2\/posts\/52645\/revisions\/52647"}],"wp:featuredmedia":[{"embeddable":true,"href":"https:\/\/panoramadelsur.com.ar\/index.php?rest_route=\/wp\/v2\/media\/52646"}],"wp:attachment":[{"href":"https:\/\/panoramadelsur.com.ar\/index.php?rest_route=%2Fwp%2Fv2%2Fmedia&parent=52645"}],"wp:term":[{"taxonomy":"category","embeddable":true,"href":"https:\/\/panoramadelsur.com.ar\/index.php?rest_route=%2Fwp%2Fv2%2Fcategories&post=52645"},{"taxonomy":"post_tag","embeddable":true,"href":"https:\/\/panoramadelsur.com.ar\/index.php?rest_route=%2Fwp%2Fv2%2Ftags&post=52645"}],"curies":[{"name":"wp","href":"https:\/\/api.w.org\/{rel}","templated":true}]}}