{"id":52654,"date":"2024-06-03T01:02:00","date_gmt":"2024-06-03T04:02:00","guid":{"rendered":"https:\/\/panoramadelsur.com.ar\/?p=52654"},"modified":"2024-05-30T20:01:00","modified_gmt":"2024-05-30T23:01:00","slug":"llegan-los-premios-san-juan-bautista-2024","status":"publish","type":"post","link":"https:\/\/panoramadelsur.com.ar\/?p=52654","title":{"rendered":"LLEGAN LOS PREMIOS SAN JUAN BAUTISTA 2024"},"content":{"rendered":"\n<p>Hasta el lunes 10 de junio, la Comuna convoca a la ciudadan\u00eda a presentar sus postulantes para el tradicional certamen local.<\/p>\n\n\n\n<p>La coordinadora de la propuesta e integrante de la Secretar\u00eda de Cultura, Deportes y Recreaci\u00f3n, Sol Branford, describe a la premiaci\u00f3n como gratitud \u201ca varelenses cuyos meritorios aportes, tareas y desempe\u00f1o colaboran en el desarrollo del distrito\u201d. \u201cEs un espacio para la difusi\u00f3n de su vida y obra\u201d, agrega.<\/p>\n\n\n\n<p>Para esta edici\u00f3n, desde la organizaci\u00f3n proponen 7 categor\u00edas y 4 subcategor\u00edas vinculadas a diferentes \u00e1reas: deporte, educaci\u00f3n, art\u00edstica (artes pl\u00e1sticas, danza, literatura y m\u00fasica), salud, profesional, labor comunitaria y\/o solidaria tanto para instituciones como individual.<\/p>\n\n\n\n<p>Tambi\u00e9n reconocer\u00e1n a ciudadanos, ciudadanas o establecimientos por su colaboraci\u00f3n en acciones beneficiosas para la sociedad. Lo mismo suceder\u00e1 con alumnos y alumnas de los distintos niveles del sistema educativo, tanto de gesti\u00f3n estatal como privada, con los promedios m\u00e1s altos con respecto al \u00faltimo a\u00f1o.<\/p>\n\n\n\n<p>Adem\u00e1s, Branford se\u00f1ala que destinar\u00e1n \u00abmenciones a dos personas (humanas y\/o jur\u00eddicas) con destacadas actuaciones que no obtengan la cantidad de votos necesarios\u00bb.<\/p>\n\n\n\n<p>La planilla de inscripci\u00f3n est\u00e1 disponible en: florenciovarela.gov.ar\/concursosycompetencias\/. Una vez completada, acercarla a la dependencia de la calle Mitre N\u00ba149, de 8 a 16 hs.<\/p>\n","protected":false},"excerpt":{"rendered":"<p>Hasta el<\/p>\n","protected":false},"author":1,"featured_media":52655,"comment_status":"closed","ping_status":"closed","sticky":false,"template":"","format":"standard","meta":{"footnotes":""},"categories":[8,3],"tags":[30],"class_list":["post-52654","post","type-post","status-publish","format-standard","has-post-thumbnail","hentry","category-para-agendar","category-regionales","tag-varela"],"_links":{"self":[{"href":"https:\/\/panoramadelsur.com.ar\/index.php?rest_route=\/wp\/v2\/posts\/52654","targetHints":{"allow":["GET"]}}],"collection":[{"href":"https:\/\/panoramadelsur.com.ar\/index.php?rest_route=\/wp\/v2\/posts"}],"about":[{"href":"https:\/\/panoramadelsur.com.ar\/index.php?rest_route=\/wp\/v2\/types\/post"}],"author":[{"embeddable":true,"href":"https:\/\/panoramadelsur.com.ar\/index.php?rest_route=\/wp\/v2\/users\/1"}],"replies":[{"embeddable":true,"href":"https:\/\/panoramadelsur.com.ar\/index.php?rest_route=%2Fwp%2Fv2%2Fcomments&post=52654"}],"version-history":[{"count":1,"href":"https:\/\/panoramadelsur.com.ar\/index.php?rest_route=\/wp\/v2\/posts\/52654\/revisions"}],"predecessor-version":[{"id":52656,"href":"https:\/\/panoramadelsur.com.ar\/index.php?rest_route=\/wp\/v2\/posts\/52654\/revisions\/52656"}],"wp:featuredmedia":[{"embeddable":true,"href":"https:\/\/panoramadelsur.com.ar\/index.php?rest_route=\/wp\/v2\/media\/52655"}],"wp:attachment":[{"href":"https:\/\/panoramadelsur.com.ar\/index.php?rest_route=%2Fwp%2Fv2%2Fmedia&parent=52654"}],"wp:term":[{"taxonomy":"category","embeddable":true,"href":"https:\/\/panoramadelsur.com.ar\/index.php?rest_route=%2Fwp%2Fv2%2Fcategories&post=52654"},{"taxonomy":"post_tag","embeddable":true,"href":"https:\/\/panoramadelsur.com.ar\/index.php?rest_route=%2Fwp%2Fv2%2Ftags&post=52654"}],"curies":[{"name":"wp","href":"https:\/\/api.w.org\/{rel}","templated":true}]}}