{"id":52672,"date":"2024-06-04T01:09:00","date_gmt":"2024-06-04T04:09:00","guid":{"rendered":"https:\/\/panoramadelsur.com.ar\/?p=52672"},"modified":"2024-06-03T14:51:24","modified_gmt":"2024-06-03T17:51:24","slug":"la-quilmena-maria-becerra-revelo-que-tendra-una-colaboracion-con-una-leyenda-del-reggaeton","status":"publish","type":"post","link":"https:\/\/panoramadelsur.com.ar\/?p=52672","title":{"rendered":"LA QUILME\u00d1A MAR\u00cdA BECERRA REVEL\u00d3 QUE TENDR\u00c1 UNA COLABORACI\u00d3N CON UNA LEYENDA DEL REGGAETON"},"content":{"rendered":"\n<p>Mar\u00eda Becerra\u00a0se present\u00f3 el pasado 24 de mayo en el\u00a0North Music Festival en Portugal\u00a0para presentar por primera vez\u00a0<em>IM\u00c1N (Two of us)<\/em>, su nuevo single. La cantante brind\u00f3 una entrevista a\u00a0<em>JN Direto<\/em>, un medio portugu\u00e9s, y dio detalles de como ser\u00e1 su siguiente \u00e1lbum.\u00a0<\/p>\n\n\n\n<p>Sobre su pr\u00f3ximo \u00e1lbum, que a\u00fan no tiene fecha de estreno, la cantante anunci\u00f3 que le dar\u00eda oportunidad a probar con nuevos g\u00e9neros:<em>&nbsp;\u201cLa verdad que ahora estoy comenzando una nueva Era en lo musical, en lo est\u00e9tico y en un mont\u00f3n de cosas\u201d<\/em>, explic\u00f3.<\/p>\n\n\n\n<p>\u201cHace poco saque una nueva canci\u00f3n que es\u00a0<em>full\u00a0<\/em>Pop y voy a ir un poco por ese camino. Mechando Urbano con mucho Pop, que es lo que vengo haciendo\u201d, adelant\u00f3 y asegur\u00f3 que su siguiente proyecto ser\u00e1\u00a0\u201cun poco m\u00e1s exagerando el pop\u201d.\u00a0\u00a0<\/p>\n","protected":false},"excerpt":{"rendered":"<p>Mar\u00eda Becerra\u00a0se<\/p>\n","protected":false},"author":1,"featured_media":52673,"comment_status":"closed","ping_status":"closed","sticky":false,"template":"","format":"standard","meta":{"footnotes":""},"categories":[2],"tags":[17],"class_list":["post-52672","post","type-post","status-publish","format-standard","has-post-thumbnail","hentry","category-quilmes","tag-quilmes"],"_links":{"self":[{"href":"https:\/\/panoramadelsur.com.ar\/index.php?rest_route=\/wp\/v2\/posts\/52672","targetHints":{"allow":["GET"]}}],"collection":[{"href":"https:\/\/panoramadelsur.com.ar\/index.php?rest_route=\/wp\/v2\/posts"}],"about":[{"href":"https:\/\/panoramadelsur.com.ar\/index.php?rest_route=\/wp\/v2\/types\/post"}],"author":[{"embeddable":true,"href":"https:\/\/panoramadelsur.com.ar\/index.php?rest_route=\/wp\/v2\/users\/1"}],"replies":[{"embeddable":true,"href":"https:\/\/panoramadelsur.com.ar\/index.php?rest_route=%2Fwp%2Fv2%2Fcomments&post=52672"}],"version-history":[{"count":1,"href":"https:\/\/panoramadelsur.com.ar\/index.php?rest_route=\/wp\/v2\/posts\/52672\/revisions"}],"predecessor-version":[{"id":52674,"href":"https:\/\/panoramadelsur.com.ar\/index.php?rest_route=\/wp\/v2\/posts\/52672\/revisions\/52674"}],"wp:featuredmedia":[{"embeddable":true,"href":"https:\/\/panoramadelsur.com.ar\/index.php?rest_route=\/wp\/v2\/media\/52673"}],"wp:attachment":[{"href":"https:\/\/panoramadelsur.com.ar\/index.php?rest_route=%2Fwp%2Fv2%2Fmedia&parent=52672"}],"wp:term":[{"taxonomy":"category","embeddable":true,"href":"https:\/\/panoramadelsur.com.ar\/index.php?rest_route=%2Fwp%2Fv2%2Fcategories&post=52672"},{"taxonomy":"post_tag","embeddable":true,"href":"https:\/\/panoramadelsur.com.ar\/index.php?rest_route=%2Fwp%2Fv2%2Ftags&post=52672"}],"curies":[{"name":"wp","href":"https:\/\/api.w.org\/{rel}","templated":true}]}}