{"id":52686,"date":"2024-06-03T01:07:40","date_gmt":"2024-06-03T04:07:40","guid":{"rendered":"https:\/\/panoramadelsur.com.ar\/?p=52686"},"modified":"2024-06-03T15:27:58","modified_gmt":"2024-06-03T18:27:58","slug":"mayra-participo-de-los-festejos-del-club-mitre-en-su-90o-aniversario","status":"publish","type":"post","link":"https:\/\/panoramadelsur.com.ar\/?p=52686","title":{"rendered":"MAYRA PARTICIP\u00d3 DE LOS FESTEJOS DEL CLUB MITRE EN SU 90\u00ba ANIVERSARIO"},"content":{"rendered":"\n<p>La intendenta de Quilmes, Mayra Mendoza, particip\u00f3 el domingo de los festejos por el 90\u00ba aniversario del Club Social, Deportivo y Cultural Mitre, con una multitudinaria fiesta popular que se desarroll\u00f3 durante la tarde en avenida Mitre 1417, Quilmes Este.<\/p>\n\n\n\n<p>\u201cEs un orgullo ver el crecimiento del club gracias al compromiso de su comunidad y al que acompa\u00f1amos desde el Municipio, mediante el fortalecimiento a clubes y entidades de bien p\u00fablico\u201d, se\u00f1al\u00f3 Mayra, que felicit\u00f3 a los dirigentes y a las familias por el aniversario de la instituci\u00f3n.<\/p>\n\n\n\n<p>Durante la actividad, la jefa Comunal, acompa\u00f1ada por el secretario de Educaci\u00f3n, Culturas y Deportes, Joaqu\u00edn Desmery, y el subsecretario de Deportes, Nicol\u00e1s Mellino, entreg\u00f3 una plaqueta a la tradicional entidad deportiva y cultural quilme\u00f1a, y salud\u00f3 a vecinos y autoridades de la entidad.<\/p>\n\n\n\n<p>Cabe destacar que con apoyo municipal a esta instituci\u00f3n se desarrollaron diferentes obras como la construcci\u00f3n de nuevos ba\u00f1os para damas y caballeros y uno para personas con movilidad reducida, en el marco del Fortalecimiento a Clubes de Barrio y Entidades de Bien P\u00fablico.&nbsp;<\/p>\n\n\n\n<p>Por su parte, el presidente de la instituci\u00f3n, Juan Borzi, asever\u00f3: \u201cFestejar los 90 a\u00f1os tiene su particularidad, y es una buena oportunidad para mostrar lo que se hace y tener una fiesta incre\u00edble. Y tambi\u00e9n quiero destacar el papel del Estado y su labor con los clubes de barrio, porque, por ejemplo, las grandes reformas del club no se podr\u00edan haber hecho sin el Municipio\u201d.<\/p>\n\n\n\n<p>El Mitre fue fundado el 29 de mayo de 1934 y festej\u00f3 sus 90 a\u00f1os a lo grande. La celebraci\u00f3n cont\u00f3 con puestos de comida que se instalaron en la puerta del club y un gran escenario donde actuaron orquestas de la entidad y distintos artistas invitados, entre ellos: Julio Lacarra; Victoria Mor\u00e1n; Leo Bernstein; Gabriela Fiore; Gabriel Torres y Mart\u00edn Fuente; adem\u00e1s de la murga 5&#8217;PalPeso, la T\u00edpica del Mitre, la orquesta Del Mitre Jazz Band y la orquesta de cumbia La Tercera.<\/p>\n","protected":false},"excerpt":{"rendered":"<p>La intendenta<\/p>\n","protected":false},"author":1,"featured_media":52687,"comment_status":"closed","ping_status":"closed","sticky":false,"template":"","format":"standard","meta":{"footnotes":""},"categories":[2],"tags":[17],"class_list":["post-52686","post","type-post","status-publish","format-standard","has-post-thumbnail","hentry","category-quilmes","tag-quilmes"],"_links":{"self":[{"href":"https:\/\/panoramadelsur.com.ar\/index.php?rest_route=\/wp\/v2\/posts\/52686","targetHints":{"allow":["GET"]}}],"collection":[{"href":"https:\/\/panoramadelsur.com.ar\/index.php?rest_route=\/wp\/v2\/posts"}],"about":[{"href":"https:\/\/panoramadelsur.com.ar\/index.php?rest_route=\/wp\/v2\/types\/post"}],"author":[{"embeddable":true,"href":"https:\/\/panoramadelsur.com.ar\/index.php?rest_route=\/wp\/v2\/users\/1"}],"replies":[{"embeddable":true,"href":"https:\/\/panoramadelsur.com.ar\/index.php?rest_route=%2Fwp%2Fv2%2Fcomments&post=52686"}],"version-history":[{"count":1,"href":"https:\/\/panoramadelsur.com.ar\/index.php?rest_route=\/wp\/v2\/posts\/52686\/revisions"}],"predecessor-version":[{"id":52688,"href":"https:\/\/panoramadelsur.com.ar\/index.php?rest_route=\/wp\/v2\/posts\/52686\/revisions\/52688"}],"wp:featuredmedia":[{"embeddable":true,"href":"https:\/\/panoramadelsur.com.ar\/index.php?rest_route=\/wp\/v2\/media\/52687"}],"wp:attachment":[{"href":"https:\/\/panoramadelsur.com.ar\/index.php?rest_route=%2Fwp%2Fv2%2Fmedia&parent=52686"}],"wp:term":[{"taxonomy":"category","embeddable":true,"href":"https:\/\/panoramadelsur.com.ar\/index.php?rest_route=%2Fwp%2Fv2%2Fcategories&post=52686"},{"taxonomy":"post_tag","embeddable":true,"href":"https:\/\/panoramadelsur.com.ar\/index.php?rest_route=%2Fwp%2Fv2%2Ftags&post=52686"}],"curies":[{"name":"wp","href":"https:\/\/api.w.org\/{rel}","templated":true}]}}