{"id":52692,"date":"2024-06-04T01:05:00","date_gmt":"2024-06-04T04:05:00","guid":{"rendered":"https:\/\/panoramadelsur.com.ar\/?p=52692"},"modified":"2024-06-03T15:39:48","modified_gmt":"2024-06-03T18:39:48","slug":"mayra-participo-de-la-inauguracion-de-la-obra-de-ampliacion-del-centro-comunitario-san-francisco-de-asis-de-la-diocesis-de-quilmes","status":"publish","type":"post","link":"https:\/\/panoramadelsur.com.ar\/?p=52692","title":{"rendered":"MAYRA PARTICIP\u00d3 DE LA INAUGURACI\u00d3N DE LA OBRA DE AMPLIACI\u00d3N DEL CENTRO COMUNITARIO SAN FRANCISCO DE AS\u00cdS DE LA DI\u00d3CESIS DE QUILMES"},"content":{"rendered":"\n<p>La intendenta de Quilmes, Mayra Mendoza, junto con el padre obispo Carlos Tissera, y el director de C\u00e1ritas Quilmes, David Ben\u00edtez, particip\u00f3 el s\u00e1bado de la inauguraci\u00f3n de la obra ampliaci\u00f3n del Centro Comunitario San Francisco de As\u00eds, de la Di\u00f3cesis de Quilmes, ubicado la intersecci\u00f3n de las calles Chaco y 179, en el barrio IAPI, de Bernal Oeste.<\/p>\n\n\n\n<p>En este marco, Mayra agradeci\u00f3 la invitaci\u00f3n para estar presente en la apertura del nuevo espacio de la Di\u00f3cesis y sostuvo: \u201cLos saludo y felicito por el trabajo que todos los d\u00edas se lleva adelante desde diferentes lugares: C\u00e1ritas, el Obispado, de cada uno de los departamentos, aportando siempre a construir m\u00e1s comunidad\u201d.&nbsp;<\/p>\n\n\n\n<p>\u201cCreo que en estos momentos donde quiere imponerse el individualismo y esta idea de que s\u00e1lvese quien pueda, nosotros, y en estos barrios m\u00e1s que nunca, sabemos que hay que seguir profundizando los lazos de solidaridad, amorosidad, de empat\u00eda\u201d, sostuvo Mayra, que estuvo acompa\u00f1ada por funcionarios municipales y concejales.<\/p>\n\n\n\n<p>La Jefa Comunal remarc\u00f3: \u201cHay situaciones muy dif\u00edciles e injustas, que se est\u00e1n profundizando, pero nosotros tenemos que seguir creyendo y construyendo esa comunidad organizada, que sabemos que es la que termina d\u00e1ndole posibilidades y resultados al desarrollo humano de la vida de nuestros vecinos y vecinas, y de nuestros ni\u00f1os y ni\u00f1as principalmente, que hoy est\u00e1n siendo tan golpeados. Ante este momento de tanta adversidad, violencia, insensibilidad y crueldad, nosotros siempre, como dice la canci\u00f3n, venimos una vez m\u00e1s a ofrecer nuestro coraz\u00f3n\u201d.<\/p>\n\n\n\n<p>A su vez, durante la jornada se conmemor\u00f3 un nuevo aniversario de la Revoluci\u00f3n de Mayo, con actividades planificadas por los ni\u00f1os y ni\u00f1as de la red de espacios comunitarios del barrio, donde adem\u00e1s se celebraron estas mejoras en el lugar, que funciona como comedor, y como sede de proyectos productivos y educativos.<\/p>\n\n\n\n<p>Esta obra incluy\u00f3 la construcci\u00f3n de un sal\u00f3n en el piso superior, adem\u00e1s de ba\u00f1os para el sector de la cancha de f\u00fatbol. Los trabajos son el fruto de la organizaci\u00f3n comunitaria en articulaci\u00f3n con las pol\u00edticas p\u00fablicas de la Secretar\u00eda de Integraci\u00f3n Sociourbana de la anterior gesti\u00f3n de Gobierno Nacional, cuya titular era Fernanda Mi\u00f1o, quien tambi\u00e9n estuvo presente en el lugar.<\/p>\n","protected":false},"excerpt":{"rendered":"<p>La intendenta<\/p>\n","protected":false},"author":1,"featured_media":52693,"comment_status":"closed","ping_status":"closed","sticky":false,"template":"","format":"standard","meta":{"footnotes":""},"categories":[2],"tags":[17],"class_list":["post-52692","post","type-post","status-publish","format-standard","has-post-thumbnail","hentry","category-quilmes","tag-quilmes"],"_links":{"self":[{"href":"https:\/\/panoramadelsur.com.ar\/index.php?rest_route=\/wp\/v2\/posts\/52692","targetHints":{"allow":["GET"]}}],"collection":[{"href":"https:\/\/panoramadelsur.com.ar\/index.php?rest_route=\/wp\/v2\/posts"}],"about":[{"href":"https:\/\/panoramadelsur.com.ar\/index.php?rest_route=\/wp\/v2\/types\/post"}],"author":[{"embeddable":true,"href":"https:\/\/panoramadelsur.com.ar\/index.php?rest_route=\/wp\/v2\/users\/1"}],"replies":[{"embeddable":true,"href":"https:\/\/panoramadelsur.com.ar\/index.php?rest_route=%2Fwp%2Fv2%2Fcomments&post=52692"}],"version-history":[{"count":1,"href":"https:\/\/panoramadelsur.com.ar\/index.php?rest_route=\/wp\/v2\/posts\/52692\/revisions"}],"predecessor-version":[{"id":52694,"href":"https:\/\/panoramadelsur.com.ar\/index.php?rest_route=\/wp\/v2\/posts\/52692\/revisions\/52694"}],"wp:featuredmedia":[{"embeddable":true,"href":"https:\/\/panoramadelsur.com.ar\/index.php?rest_route=\/wp\/v2\/media\/52693"}],"wp:attachment":[{"href":"https:\/\/panoramadelsur.com.ar\/index.php?rest_route=%2Fwp%2Fv2%2Fmedia&parent=52692"}],"wp:term":[{"taxonomy":"category","embeddable":true,"href":"https:\/\/panoramadelsur.com.ar\/index.php?rest_route=%2Fwp%2Fv2%2Fcategories&post=52692"},{"taxonomy":"post_tag","embeddable":true,"href":"https:\/\/panoramadelsur.com.ar\/index.php?rest_route=%2Fwp%2Fv2%2Ftags&post=52692"}],"curies":[{"name":"wp","href":"https:\/\/api.w.org\/{rel}","templated":true}]}}