{"id":52704,"date":"2024-06-04T01:09:00","date_gmt":"2024-06-04T04:09:00","guid":{"rendered":"https:\/\/panoramadelsur.com.ar\/?p=52704"},"modified":"2024-06-03T19:04:28","modified_gmt":"2024-06-03T22:04:28","slug":"andres-watson-verifico-avances-en-la-construccion-de-un-jardin-de-infantes","status":"publish","type":"post","link":"https:\/\/panoramadelsur.com.ar\/?p=52704","title":{"rendered":"ANDR\u00c9S WATSON VERIFIC\u00d3 AVANCES EN LA CONSTRUCCI\u00d3N DE UN JARD\u00cdN DE INFANTES"},"content":{"rendered":"\n<p>El jefe comunal -Andr\u00e9s Watson- supervis\u00f3 la evoluci\u00f3n de los trabajos en la edificaci\u00f3n de un establecimiento pedag\u00f3gico destinado al nivel inicial, localizado en San Jorge.<\/p>\n\n\n\n<p>\u201cLa incorporaci\u00f3n de nueva infraestructura edilicia al sistema educativo distrital fue una respuesta a la creciente demanda de vacantes en la regi\u00f3n\u201d, explic\u00f3 el Alcalde tras su itinerario por el predio situado en el cruce de las calles 554 y 531.<\/p>\n\n\n\n<p>La m\u00e1xima autoridad varelense destac\u00f3 \u201cla tarea colaborativa con el gobierno de la provincia de Buenos Aires en la concreci\u00f3n de la propuesta y garantizar desde ambos estamentos gubernamentales el acceso a una educaci\u00f3n de calidad\u201d.&nbsp;<\/p>\n\n\n\n<p>En contraposici\u00f3n, el Intendente marc\u00f3 \u201cla detenci\u00f3n de la obra para construir la quinta escuela t\u00e9cnica en Florencio Varela por decisi\u00f3n del presidente, Javier Milei, en otro sector de la misma propiedad\u201d.<\/p>\n\n\n\n<p>Las labores progresaron en un 70% sobre una superficie de 814 metros cuadrados e ingresaron en etapa de terminaciones, por ejemplo, con la colocaci\u00f3n de cer\u00e1micas en los diferentes ambientes del inmueble.<\/p>\n\n\n\n<p>Las instalaciones fueron diagramadas con seis aulas y sus respectivos patios internos, \u00e1rea administrativa, direcci\u00f3n, biblioteca, sal\u00f3n de juegos, de usos m\u00faltiples, cocina m\u00e1s preceptor\u00eda.<\/p>\n\n\n\n<p>\u201cUna instituci\u00f3n con estas caracter\u00edsticas era imprescindible para los chicos y las chicas de la zona. Un lugar cercano, mayor tranquilidad de las familias\u201d, asegur\u00f3 una frentista en las inmediaciones, Soledad.&nbsp;<\/p>\n\n\n\n<p>Estuvieron el secretario de Obras, Servicios P\u00fablicos, Ambiente y Planificaci\u00f3n Urbana, Diego Trejo; la secretaria de Educaci\u00f3n, Andrea Digiobani; el jefe distrital de Educaci\u00f3n, Alfredo Schveizer.<\/p>\n","protected":false},"excerpt":{"rendered":"<p>El jefe<\/p>\n","protected":false},"author":1,"featured_media":52705,"comment_status":"closed","ping_status":"closed","sticky":false,"template":"","format":"standard","meta":{"footnotes":""},"categories":[3],"tags":[30],"class_list":["post-52704","post","type-post","status-publish","format-standard","has-post-thumbnail","hentry","category-regionales","tag-varela"],"_links":{"self":[{"href":"https:\/\/panoramadelsur.com.ar\/index.php?rest_route=\/wp\/v2\/posts\/52704","targetHints":{"allow":["GET"]}}],"collection":[{"href":"https:\/\/panoramadelsur.com.ar\/index.php?rest_route=\/wp\/v2\/posts"}],"about":[{"href":"https:\/\/panoramadelsur.com.ar\/index.php?rest_route=\/wp\/v2\/types\/post"}],"author":[{"embeddable":true,"href":"https:\/\/panoramadelsur.com.ar\/index.php?rest_route=\/wp\/v2\/users\/1"}],"replies":[{"embeddable":true,"href":"https:\/\/panoramadelsur.com.ar\/index.php?rest_route=%2Fwp%2Fv2%2Fcomments&post=52704"}],"version-history":[{"count":1,"href":"https:\/\/panoramadelsur.com.ar\/index.php?rest_route=\/wp\/v2\/posts\/52704\/revisions"}],"predecessor-version":[{"id":52706,"href":"https:\/\/panoramadelsur.com.ar\/index.php?rest_route=\/wp\/v2\/posts\/52704\/revisions\/52706"}],"wp:featuredmedia":[{"embeddable":true,"href":"https:\/\/panoramadelsur.com.ar\/index.php?rest_route=\/wp\/v2\/media\/52705"}],"wp:attachment":[{"href":"https:\/\/panoramadelsur.com.ar\/index.php?rest_route=%2Fwp%2Fv2%2Fmedia&parent=52704"}],"wp:term":[{"taxonomy":"category","embeddable":true,"href":"https:\/\/panoramadelsur.com.ar\/index.php?rest_route=%2Fwp%2Fv2%2Fcategories&post=52704"},{"taxonomy":"post_tag","embeddable":true,"href":"https:\/\/panoramadelsur.com.ar\/index.php?rest_route=%2Fwp%2Fv2%2Ftags&post=52704"}],"curies":[{"name":"wp","href":"https:\/\/api.w.org\/{rel}","templated":true}]}}