{"id":52710,"date":"2024-06-04T01:07:00","date_gmt":"2024-06-04T04:07:00","guid":{"rendered":"https:\/\/panoramadelsur.com.ar\/?p=52710"},"modified":"2024-06-03T19:20:00","modified_gmt":"2024-06-03T22:20:00","slug":"atencion-sanitaria-en-santa-ines","status":"publish","type":"post","link":"https:\/\/panoramadelsur.com.ar\/?p=52710","title":{"rendered":"ATENCI\u00d3N SANITARIA EN SANTA IN\u00c9S"},"content":{"rendered":"\n<p>El servicio de salud estuvo localizado en la intersecci\u00f3n de Los Olivos con El Mirlo donde efectuaron vacunaci\u00f3n, cl\u00ednica m\u00e1s odontolog\u00eda a vecinos y vecinas durante el primer lunes de junio.<\/p>\n\n\n\n<p>El mandatario comunal, Andr\u00e9s Watson, monitore\u00f3 el desarrollo de la actividad junto al titular en la cartera sanitaria -Rub\u00e9n Trepichio- y ponder\u00f3 \u201cla articulaci\u00f3n con la Provincia para coordinar el dispositivo impulsado por la determinaci\u00f3n pol\u00edtica del gobernador Axel Kicillof\u201d.<\/p>\n\n\n\n<p>Las filas estaban organizadas para distribuir a la ciudadan\u00eda por los diferentes sectores. Nancy aguardaba con Bianca y Alejo en un gazebo donde tomaban los datos. La mam\u00e1, con su peque\u00f1o en brazos, fue \u201ca controlar al beb\u00e9 por una gripe\u201d.<\/p>\n\n\n\n<p>La vecina Insisti\u00f3 en \u201cno dejar pasar tiempo y llevarlos al m\u00e9dico, traerlos ante las primeras l\u00edneas de temperatura\u201d. Explic\u00f3 a su ni\u00f1a \u201cla importancia de concurrir al dentista en este espacio, al no contar con la posibilidad de pagar un privado\u201d.<\/p>\n\n\n\n<p>Norma, abuela de Lautaro, comentaba al adolescente \u201ccu\u00e1n necesario\u201d era inmunizarse. \u201cLogramos las defensas y prevenimos las enfermedades\u201d, a\u00f1adi\u00f3 la se\u00f1ora que preguntaba a una de las promotoras por la especialidad de Pediatr\u00eda.<\/p>\n\n\n\n<p>Finalmente, otra de las frentistas -Marta- destac\u00f3 \u201cla cercan\u00eda: con este fr\u00edo evitamos el traslado\u201d. Marc\u00f3 como \u201cfundamental cuidarse\u201d con la inoculaci\u00f3n para \u201cno desactualizar el calendario de los chicos y las chicas\u201d.<\/p>\n","protected":false},"excerpt":{"rendered":"<p>El servicio<\/p>\n","protected":false},"author":1,"featured_media":52711,"comment_status":"closed","ping_status":"closed","sticky":false,"template":"","format":"standard","meta":{"footnotes":""},"categories":[3],"tags":[30],"class_list":["post-52710","post","type-post","status-publish","format-standard","has-post-thumbnail","hentry","category-regionales","tag-varela"],"_links":{"self":[{"href":"https:\/\/panoramadelsur.com.ar\/index.php?rest_route=\/wp\/v2\/posts\/52710","targetHints":{"allow":["GET"]}}],"collection":[{"href":"https:\/\/panoramadelsur.com.ar\/index.php?rest_route=\/wp\/v2\/posts"}],"about":[{"href":"https:\/\/panoramadelsur.com.ar\/index.php?rest_route=\/wp\/v2\/types\/post"}],"author":[{"embeddable":true,"href":"https:\/\/panoramadelsur.com.ar\/index.php?rest_route=\/wp\/v2\/users\/1"}],"replies":[{"embeddable":true,"href":"https:\/\/panoramadelsur.com.ar\/index.php?rest_route=%2Fwp%2Fv2%2Fcomments&post=52710"}],"version-history":[{"count":1,"href":"https:\/\/panoramadelsur.com.ar\/index.php?rest_route=\/wp\/v2\/posts\/52710\/revisions"}],"predecessor-version":[{"id":52712,"href":"https:\/\/panoramadelsur.com.ar\/index.php?rest_route=\/wp\/v2\/posts\/52710\/revisions\/52712"}],"wp:featuredmedia":[{"embeddable":true,"href":"https:\/\/panoramadelsur.com.ar\/index.php?rest_route=\/wp\/v2\/media\/52711"}],"wp:attachment":[{"href":"https:\/\/panoramadelsur.com.ar\/index.php?rest_route=%2Fwp%2Fv2%2Fmedia&parent=52710"}],"wp:term":[{"taxonomy":"category","embeddable":true,"href":"https:\/\/panoramadelsur.com.ar\/index.php?rest_route=%2Fwp%2Fv2%2Fcategories&post=52710"},{"taxonomy":"post_tag","embeddable":true,"href":"https:\/\/panoramadelsur.com.ar\/index.php?rest_route=%2Fwp%2Fv2%2Ftags&post=52710"}],"curies":[{"name":"wp","href":"https:\/\/api.w.org\/{rel}","templated":true}]}}