{"id":52713,"date":"2024-06-03T01:02:00","date_gmt":"2024-06-03T04:02:00","guid":{"rendered":"https:\/\/panoramadelsur.com.ar\/?p=52713"},"modified":"2024-06-03T19:31:54","modified_gmt":"2024-06-03T22:31:54","slug":"en-todo-el-pais-mujeres-y-disidencias-se-movilizaron-a-nueve-anos-del-surgimiento-del-ni-una-menos","status":"publish","type":"post","link":"https:\/\/panoramadelsur.com.ar\/?p=52713","title":{"rendered":"EN TODO EL PA\u00cdS MUJERES Y DISIDENCIAS SE MOVILIZARON, A NUEVE A\u00d1OS DEL SURGIMIENTO DEL NI UNA MENOS"},"content":{"rendered":"\n<p>Desde Jujuy a Tierra del Fuego, y desde Misiones a Mendoza, el Movimiento de mujeres\u00a0se moviliz\u00f3 este lunes\u00a0en las principales ciudades de todo el pa\u00eds con motivo de un nuevo aniversario del Ni Una Menos.<\/p>\n\n\n\n<p>Este a\u00f1o las consignas aparecen te\u00f1idas por el\u00a0rechazo a la Ley Bases,\u00a0a la\u00a0proliferaci\u00f3n de los discursos de odio\u00a0y al\u00a0incremento acelerado de la pobreza e indigencia.<\/p>\n\n\n\n<p>En varias de estas acciones, la comisi\u00f3n organizadora solicit\u00f3 concurrir con ropa negra como s\u00edmbolo de luto, y llevar alimentos no perecederos para distribuir en comedores populares.<br>En la\u00a0Ciudad de Buenos Aires\u00a0la movilizaci\u00f3n comenz\u00f3 a llegar al Congreso Nacional a partir de las 16:30.<\/p>\n\n\n\n<h2 class=\"wp-block-heading\">En todo el pa\u00eds<\/h2>\n\n\n\n<p><strong>C\u00f3rdoba capital:<\/strong>&nbsp;la concentraci\u00f3n es en Avenida Col\u00f3n y Ca\u00f1ada, a partir de las 18. Las consignas son: \u201cBasta de Femicidios, lesbicidios y trans-travesticidios\u201d, \u201cBasta de hambre y persecuci\u00f3n a les que luchan\u201d y \u201cParo general y plan de lucha hasta derrotar el plan de Milei, Llaryora y el FMI\u201d.<\/p>\n\n\n\n<p><strong>Neuqu\u00e9n Capital<\/strong>: Comenz\u00f3 a las 17 en el Monumento a San Mart\u00edn, bajo el lema \u201cLas calles son refugio\u201d.<\/p>\n\n\n\n<p><strong>Resistencia (Chaco<\/strong>): Fue por la ma\u00f1ana, desde las 9 en Italia y 9 de Julio, convocado por NUM Resistencia y otras 6 organizaciones. La consigna es \u201cBasta de Femicidios y de Quitarnos Nuestros Derechos\u201d.<\/p>\n\n\n\n<p><strong>Mendoza capital:<\/strong>\u00a0Movilizaci\u00f3n a las 18 en el Kil\u00f3metro Cero (Peatonal Sarmiento y San Mart\u00edn)<br><br><strong>La Rioja capital:\u00a0<\/strong>\u00a0A las 17 en Plaza 25 de Mayo<br><br><strong>Trelew (Chubut):<\/strong>\u00a0a las 17:30 en Peatonal Gazin, con la consigna \u201cA las violencias machistas, autorganizaci\u00f3n feminista\u201d.<br><br><strong>Bariloche (R\u00edo Negro):<\/strong>\u00a0 A las 17:30 en Moreno y Onelli, con el lema \u201cNo es libertad, es odio\u201d.<br><br><strong>El Bols\u00f3n (R\u00edo Negro):<\/strong>\u00a0A las 17 se inici\u00f3 una\u00a0marcha desde la puerta de la Universidad Nacional de R\u00edo Negro (UNRN). Antes, a partir de las 15 habr\u00e1 \u201cpanfletazo\u201d, intervenciones art\u00edsticas y lectura de documento en el mismo lugar.<br><br><strong>San Miguel de Tucum\u00e1n (Tucum\u00e1n<\/strong>): Radio abierta, intervenciones art\u00edsticas y mateada popular en la Plaza San Mart\u00edn a partir de las 16:30. Desde all\u00ed saldr\u00e1 la marcha a Plaza Independencia desde a las 17:30 con el lema \u201cBasta de matarnos\u201d.<br><br><strong>Santa Fe capital<\/strong>: A las 16:30 arranc\u00f3 la concentraci\u00f3n en Plaza del Soldado para marchar hacia Plaza 25 de Mayo, bajo la consigna \u201cM\u00e1s hambre, m\u00e1s muertas\u201d.<\/p>\n\n\n\n<p><br><strong>R\u00edo Cuarto (C\u00f3rdoba<\/strong>): Concentraci\u00f3n a las 16:30 en la ex sede de Tribunales ( Alvear y San Mart\u00edn), bajo el lema \u201cSin Justicia Social la Libertad no Avanza\u201d.<\/p>\n\n\n\n<p><strong>Ushuaia (Tierra del Fuego<\/strong>): A las 17 marcha en el Superior Tribunal de Justicia, bajo el lema \u201cCon hambre y odio no hay Ni Una Menos\u201d.<\/p>\n\n\n\n<p><strong>San Salvador de Jujuy (Jujuy):<\/strong>&nbsp;la concentraci\u00f3n fue a las 17 en Plaza Belgrano.<br><br><strong>Posadas<\/strong>: Comenz\u00f3 a las 16, la movilizaci\u00f3n parti\u00f3 desde el M\u00e1stil (Mitre y Uruguay) hasta la plaza San Mart\u00edn.<br><br><strong>San Juan capital:<\/strong>&nbsp;fue a las 16:30 en Plaza 25 de Mayo bajo el lema \u201dNo es libertad, es odio\u201d. C\u00f3mo actividad de cierre, habr\u00e1 un altar colectivo por las v\u00edctimas del triple lesbicidio de Barracas y por Nora de Cortinas.<\/p>\n\n\n\n<p><strong>Mar del Plata<\/strong>: el centro de Mar del Plata y concretamente la avenida Luro volvi\u00f3 a ser escenario de una marcha contra los femicidios y la violencia de g\u00e9nero.<\/p>\n","protected":false},"excerpt":{"rendered":"<p>Desde Jujuy<\/p>\n","protected":false},"author":1,"featured_media":52714,"comment_status":"closed","ping_status":"closed","sticky":false,"template":"","format":"standard","meta":{"footnotes":""},"categories":[10,4],"tags":[],"class_list":["post-52713","post","type-post","status-publish","format-standard","has-post-thumbnail","hentry","category-mas-noticias","category-nacionales"],"_links":{"self":[{"href":"https:\/\/panoramadelsur.com.ar\/index.php?rest_route=\/wp\/v2\/posts\/52713","targetHints":{"allow":["GET"]}}],"collection":[{"href":"https:\/\/panoramadelsur.com.ar\/index.php?rest_route=\/wp\/v2\/posts"}],"about":[{"href":"https:\/\/panoramadelsur.com.ar\/index.php?rest_route=\/wp\/v2\/types\/post"}],"author":[{"embeddable":true,"href":"https:\/\/panoramadelsur.com.ar\/index.php?rest_route=\/wp\/v2\/users\/1"}],"replies":[{"embeddable":true,"href":"https:\/\/panoramadelsur.com.ar\/index.php?rest_route=%2Fwp%2Fv2%2Fcomments&post=52713"}],"version-history":[{"count":1,"href":"https:\/\/panoramadelsur.com.ar\/index.php?rest_route=\/wp\/v2\/posts\/52713\/revisions"}],"predecessor-version":[{"id":52715,"href":"https:\/\/panoramadelsur.com.ar\/index.php?rest_route=\/wp\/v2\/posts\/52713\/revisions\/52715"}],"wp:featuredmedia":[{"embeddable":true,"href":"https:\/\/panoramadelsur.com.ar\/index.php?rest_route=\/wp\/v2\/media\/52714"}],"wp:attachment":[{"href":"https:\/\/panoramadelsur.com.ar\/index.php?rest_route=%2Fwp%2Fv2%2Fmedia&parent=52713"}],"wp:term":[{"taxonomy":"category","embeddable":true,"href":"https:\/\/panoramadelsur.com.ar\/index.php?rest_route=%2Fwp%2Fv2%2Fcategories&post=52713"},{"taxonomy":"post_tag","embeddable":true,"href":"https:\/\/panoramadelsur.com.ar\/index.php?rest_route=%2Fwp%2Fv2%2Ftags&post=52713"}],"curies":[{"name":"wp","href":"https:\/\/api.w.org\/{rel}","templated":true}]}}