{"id":52719,"date":"2024-06-04T01:05:00","date_gmt":"2024-06-04T04:05:00","guid":{"rendered":"https:\/\/panoramadelsur.com.ar\/?p=52719"},"modified":"2024-06-03T21:26:37","modified_gmt":"2024-06-04T00:26:37","slug":"operativos-de-interceptacion-vehicular-en-barrios-varelenses-2","status":"publish","type":"post","link":"https:\/\/panoramadelsur.com.ar\/?p=52719","title":{"rendered":"OPERATIVOS DE INTERCEPTACI\u00d3N VEHICULAR EN BARRIOS VARELENSES"},"content":{"rendered":"\n<p>Agentes pertenecientes a las distintas fuerzas de seguridad en el partido concretaron 9 dispositivos de control automotor para prevenir el delito y decomisaron 25 rodados por diferentes infracciones a la normativa vigente.<\/p>\n\n\n\n<p>El personal secuestr\u00f3 11 motos, 13 autos y 1 cami\u00f3n durante procedimientos en San Jorge, La Sirena, La Esmeralda, San Nicol\u00e1s, Don Jos\u00e9, Luj\u00e1n, Bosques, Villa San Luis, entre otros.<\/p>\n\n\n\n<p>Intervinieron en el accionar efectivos de la Guardia Comunal junto a Gendarmer\u00eda Nacional y Polic\u00eda de la Provincia de Buenos Aires quienes solicitaron registro de conducir, c\u00e9dula verde, seguro m\u00e1s Verificaci\u00f3n T\u00e9cnica Vehicular.<\/p>\n","protected":false},"excerpt":{"rendered":"<p>Agentes pertenecientes<\/p>\n","protected":false},"author":1,"featured_media":52720,"comment_status":"closed","ping_status":"closed","sticky":false,"template":"","format":"standard","meta":{"footnotes":""},"categories":[3],"tags":[30],"class_list":["post-52719","post","type-post","status-publish","format-standard","has-post-thumbnail","hentry","category-regionales","tag-varela"],"_links":{"self":[{"href":"https:\/\/panoramadelsur.com.ar\/index.php?rest_route=\/wp\/v2\/posts\/52719","targetHints":{"allow":["GET"]}}],"collection":[{"href":"https:\/\/panoramadelsur.com.ar\/index.php?rest_route=\/wp\/v2\/posts"}],"about":[{"href":"https:\/\/panoramadelsur.com.ar\/index.php?rest_route=\/wp\/v2\/types\/post"}],"author":[{"embeddable":true,"href":"https:\/\/panoramadelsur.com.ar\/index.php?rest_route=\/wp\/v2\/users\/1"}],"replies":[{"embeddable":true,"href":"https:\/\/panoramadelsur.com.ar\/index.php?rest_route=%2Fwp%2Fv2%2Fcomments&post=52719"}],"version-history":[{"count":1,"href":"https:\/\/panoramadelsur.com.ar\/index.php?rest_route=\/wp\/v2\/posts\/52719\/revisions"}],"predecessor-version":[{"id":52721,"href":"https:\/\/panoramadelsur.com.ar\/index.php?rest_route=\/wp\/v2\/posts\/52719\/revisions\/52721"}],"wp:featuredmedia":[{"embeddable":true,"href":"https:\/\/panoramadelsur.com.ar\/index.php?rest_route=\/wp\/v2\/media\/52720"}],"wp:attachment":[{"href":"https:\/\/panoramadelsur.com.ar\/index.php?rest_route=%2Fwp%2Fv2%2Fmedia&parent=52719"}],"wp:term":[{"taxonomy":"category","embeddable":true,"href":"https:\/\/panoramadelsur.com.ar\/index.php?rest_route=%2Fwp%2Fv2%2Fcategories&post=52719"},{"taxonomy":"post_tag","embeddable":true,"href":"https:\/\/panoramadelsur.com.ar\/index.php?rest_route=%2Fwp%2Fv2%2Ftags&post=52719"}],"curies":[{"name":"wp","href":"https:\/\/api.w.org\/{rel}","templated":true}]}}