{"id":52732,"date":"2024-06-05T01:08:00","date_gmt":"2024-06-05T04:08:00","guid":{"rendered":"https:\/\/panoramadelsur.com.ar\/?p=52732"},"modified":"2024-06-04T17:17:14","modified_gmt":"2024-06-04T20:17:14","slug":"agentes-de-salud-municipales-se-capacitan-en-asistencia-al-parto-en-via-publica","status":"publish","type":"post","link":"https:\/\/panoramadelsur.com.ar\/?p=52732","title":{"rendered":"AGENTES DE SALUD MUNICIPALES SE CAPACITAN EN ASISTENCIA AL PARTO EN V\u00cdA P\u00daBLICA"},"content":{"rendered":"\n<p>Se realiz\u00f3 una jornada de capacitaci\u00f3n en Asistencia al Parto -en la v\u00eda p\u00fablica y domiciliario- destinada a agentes de la Secretar\u00eda de Salud P\u00fablica e Higiene municipal.<\/p>\n\n\n\n<p>\u201cConsideramos de suma importancia esta capacitaci\u00f3n, ya que el parto es un fen\u00f3meno que se puede desencadenar en cualquier momento y lugar. El personal puede verse afectado a tener que realizar esta pr\u00e1ctica en la v\u00eda p\u00fablica, en una vereda, un domicilio, etc. Entonces es esencial que conozcan las t\u00e9cnicas b\u00e1sicas, las m\u00e1s importantes, para asistir a la madre y al reci\u00e9n nacido; y garantizar el bienestar de ambos\u201d, asegur\u00f3 la Lic. Silvia Botantti, coordinadora del \u00e1rea de Obstetricia de la Cartera de Salud, que estuvo a cargo de la capacitaci\u00f3n.<\/p>\n\n\n\n<p>Todos los Centros de Atenci\u00f3n Primaria de Salud de Berazategui (CAPS) cuentan con personal profesional que asiste a las personas gestantes en su control prenatal. Eventualmente, si se detecta alguna complicaci\u00f3n o patolog\u00eda de base, la paciente es derivada al Hospital Evita Pueblo. \u201cLa capacitaci\u00f3n fortalece esa red de atenci\u00f3n\u201d, afirm\u00f3 la especialista. Y continu\u00f3: \u201cEl intendente, Dr. Juan Jos\u00e9 Mussi, siempre prioriza la salud de la poblaci\u00f3n de Berazategui, desarrollando pol\u00edticas de primer nivel. Es un placer poder trabajar de esta manera y compartir estos conocimientos con colegas, para llevar la mejor atenci\u00f3n posible a las y los vecinos\u201d.<\/p>\n\n\n\n<p>\u201cEsta jornada se repetir\u00e1 en varias oportunidades para llegar a todo el personal sanitario de la Secretar\u00eda de Salud. El objetivo es que participen activamente, interact\u00faen y comprendan el concepto del nacimiento. Podemos llevarlo adelante gracias a que la Secretar\u00eda de Salud P\u00fablica e Higiene cuenta con un simulador de parto, adquirido para este fin\u201d, concluy\u00f3 Botantti.<\/p>\n\n\n\n<p>Para conocer m\u00e1s sobre las pol\u00edticas sanitarias municipales, se puede ingresar en berazategui.gob.ar\/salud.<\/p>\n","protected":false},"excerpt":{"rendered":"<p>Se realiz\u00f3<\/p>\n","protected":false},"author":1,"featured_media":52734,"comment_status":"closed","ping_status":"closed","sticky":false,"template":"","format":"standard","meta":{"footnotes":""},"categories":[3],"tags":[40],"class_list":["post-52732","post","type-post","status-publish","format-standard","has-post-thumbnail","hentry","category-regionales","tag-berazategui"],"_links":{"self":[{"href":"https:\/\/panoramadelsur.com.ar\/index.php?rest_route=\/wp\/v2\/posts\/52732","targetHints":{"allow":["GET"]}}],"collection":[{"href":"https:\/\/panoramadelsur.com.ar\/index.php?rest_route=\/wp\/v2\/posts"}],"about":[{"href":"https:\/\/panoramadelsur.com.ar\/index.php?rest_route=\/wp\/v2\/types\/post"}],"author":[{"embeddable":true,"href":"https:\/\/panoramadelsur.com.ar\/index.php?rest_route=\/wp\/v2\/users\/1"}],"replies":[{"embeddable":true,"href":"https:\/\/panoramadelsur.com.ar\/index.php?rest_route=%2Fwp%2Fv2%2Fcomments&post=52732"}],"version-history":[{"count":1,"href":"https:\/\/panoramadelsur.com.ar\/index.php?rest_route=\/wp\/v2\/posts\/52732\/revisions"}],"predecessor-version":[{"id":52735,"href":"https:\/\/panoramadelsur.com.ar\/index.php?rest_route=\/wp\/v2\/posts\/52732\/revisions\/52735"}],"wp:featuredmedia":[{"embeddable":true,"href":"https:\/\/panoramadelsur.com.ar\/index.php?rest_route=\/wp\/v2\/media\/52734"}],"wp:attachment":[{"href":"https:\/\/panoramadelsur.com.ar\/index.php?rest_route=%2Fwp%2Fv2%2Fmedia&parent=52732"}],"wp:term":[{"taxonomy":"category","embeddable":true,"href":"https:\/\/panoramadelsur.com.ar\/index.php?rest_route=%2Fwp%2Fv2%2Fcategories&post=52732"},{"taxonomy":"post_tag","embeddable":true,"href":"https:\/\/panoramadelsur.com.ar\/index.php?rest_route=%2Fwp%2Fv2%2Ftags&post=52732"}],"curies":[{"name":"wp","href":"https:\/\/api.w.org\/{rel}","templated":true}]}}