{"id":52742,"date":"2024-06-05T01:06:00","date_gmt":"2024-06-05T04:06:00","guid":{"rendered":"https:\/\/panoramadelsur.com.ar\/?p=52742"},"modified":"2024-06-04T18:06:34","modified_gmt":"2024-06-04T21:06:34","slug":"mas-jornadas-de-limpieza-integral-en-barrios-de-berazategui","status":"publish","type":"post","link":"https:\/\/panoramadelsur.com.ar\/?p=52742","title":{"rendered":"M\u00c1S JORNADAS DE LIMPIEZA INTEGRAL EN BARRIOS DE BERAZATEGUI"},"content":{"rendered":"\n<p><strong>El s\u00e1bado 1 de junio, la Municipalidad de Berazategui realiz\u00f3 una nueva jornada de limpieza integral, esta vez en el barrio Lomas de Ranelagh. Se realizaron tareas de barrido, desmalezamiento y reparaci\u00f3n de luminarias. El intendente Juan Jos\u00e9 Mussi estuvo presente.<\/strong><\/p>\n\n\n\n<p>Las cuadrillas de las Secretar\u00edas de Obras P\u00fablicas y Servicios P\u00fablicos -junto a la Secretar\u00eda de Gobierno del Municipio- limpiaron puntos de arrojo clandestinos de residuos, cortaron el pasto, pintaron cordones, barrieron calles y repararon luces de la v\u00eda p\u00fablica.<\/p>\n\n\n\n<p>Sobre estas jornadas, el subsecretario municipal Federico Pereyra, a cargo de las tareas, inform\u00f3: \u201cEstamos contentos por el acompa\u00f1amiento de los vecinos y vecinas en este barrio y en todos los que venimos trabajando. Este es un pedido del intendente, Juan Jos\u00e9 Mussi, quien tiene el objetivo de mejorar la limpieza de toda la ciudad\u201d.<\/p>\n","protected":false},"excerpt":{"rendered":"<p>El s\u00e1bado<\/p>\n","protected":false},"author":1,"featured_media":52743,"comment_status":"closed","ping_status":"closed","sticky":false,"template":"","format":"standard","meta":{"footnotes":""},"categories":[3],"tags":[40],"class_list":["post-52742","post","type-post","status-publish","format-standard","has-post-thumbnail","hentry","category-regionales","tag-berazategui"],"_links":{"self":[{"href":"https:\/\/panoramadelsur.com.ar\/index.php?rest_route=\/wp\/v2\/posts\/52742","targetHints":{"allow":["GET"]}}],"collection":[{"href":"https:\/\/panoramadelsur.com.ar\/index.php?rest_route=\/wp\/v2\/posts"}],"about":[{"href":"https:\/\/panoramadelsur.com.ar\/index.php?rest_route=\/wp\/v2\/types\/post"}],"author":[{"embeddable":true,"href":"https:\/\/panoramadelsur.com.ar\/index.php?rest_route=\/wp\/v2\/users\/1"}],"replies":[{"embeddable":true,"href":"https:\/\/panoramadelsur.com.ar\/index.php?rest_route=%2Fwp%2Fv2%2Fcomments&post=52742"}],"version-history":[{"count":1,"href":"https:\/\/panoramadelsur.com.ar\/index.php?rest_route=\/wp\/v2\/posts\/52742\/revisions"}],"predecessor-version":[{"id":52744,"href":"https:\/\/panoramadelsur.com.ar\/index.php?rest_route=\/wp\/v2\/posts\/52742\/revisions\/52744"}],"wp:featuredmedia":[{"embeddable":true,"href":"https:\/\/panoramadelsur.com.ar\/index.php?rest_route=\/wp\/v2\/media\/52743"}],"wp:attachment":[{"href":"https:\/\/panoramadelsur.com.ar\/index.php?rest_route=%2Fwp%2Fv2%2Fmedia&parent=52742"}],"wp:term":[{"taxonomy":"category","embeddable":true,"href":"https:\/\/panoramadelsur.com.ar\/index.php?rest_route=%2Fwp%2Fv2%2Fcategories&post=52742"},{"taxonomy":"post_tag","embeddable":true,"href":"https:\/\/panoramadelsur.com.ar\/index.php?rest_route=%2Fwp%2Fv2%2Ftags&post=52742"}],"curies":[{"name":"wp","href":"https:\/\/api.w.org\/{rel}","templated":true}]}}