{"id":52745,"date":"2024-06-06T01:06:00","date_gmt":"2024-06-06T04:06:00","guid":{"rendered":"https:\/\/panoramadelsur.com.ar\/?p=52745"},"modified":"2024-06-04T18:10:01","modified_gmt":"2024-06-04T21:10:01","slug":"embellecieron-la-secundaria-n-29-de-platanos","status":"publish","type":"post","link":"https:\/\/panoramadelsur.com.ar\/?p=52745","title":{"rendered":"EMBELLECIERON LA SECUNDARIA N\u00b0 29 DE PL\u00c1TANOS"},"content":{"rendered":"\n<p><strong>El s\u00e1bado 1 de junio se realiz\u00f3 una jornada de trabajo en la Escuela Secundaria N\u00b0 29 del barrio 3 de Junio, Pl\u00e1tanos. All\u00ed estuvo el intendente de Berazategui, Juan Jos\u00e9 Mussi, quien recorri\u00f3 las instalaciones y observ\u00f3 las tareas de embellecimiento.<\/strong><\/p>\n\n\n\n<p id=\"geom_inter_1717535383803_93_101\">Los trabajos incluyeron la pintura del patio exterior de la instituci\u00f3n a las que asisten m\u00e1s de 160 estudiantes.\u00a0<\/p>\n\n\n\n<p id=\"geom_inter_1717535385801_14_102\">Fueron realizados por consejeros escolares, docentes, familias y cooperativistas.<\/p>\n\n\n\n<p id=\"geom_inter_1717535385801_85_103\">Junto al Dr. Juan Jos\u00e9 Mussi, estuvieron integrantes del Gabinete Municipal y el presidente del Consejo Escolar de Berazategui, Fernando Cardozo.<\/p>\n","protected":false},"excerpt":{"rendered":"<p>El s\u00e1bado<\/p>\n","protected":false},"author":1,"featured_media":52747,"comment_status":"closed","ping_status":"closed","sticky":false,"template":"","format":"standard","meta":{"footnotes":""},"categories":[3],"tags":[],"class_list":["post-52745","post","type-post","status-publish","format-standard","has-post-thumbnail","hentry","category-regionales"],"_links":{"self":[{"href":"https:\/\/panoramadelsur.com.ar\/index.php?rest_route=\/wp\/v2\/posts\/52745","targetHints":{"allow":["GET"]}}],"collection":[{"href":"https:\/\/panoramadelsur.com.ar\/index.php?rest_route=\/wp\/v2\/posts"}],"about":[{"href":"https:\/\/panoramadelsur.com.ar\/index.php?rest_route=\/wp\/v2\/types\/post"}],"author":[{"embeddable":true,"href":"https:\/\/panoramadelsur.com.ar\/index.php?rest_route=\/wp\/v2\/users\/1"}],"replies":[{"embeddable":true,"href":"https:\/\/panoramadelsur.com.ar\/index.php?rest_route=%2Fwp%2Fv2%2Fcomments&post=52745"}],"version-history":[{"count":1,"href":"https:\/\/panoramadelsur.com.ar\/index.php?rest_route=\/wp\/v2\/posts\/52745\/revisions"}],"predecessor-version":[{"id":52748,"href":"https:\/\/panoramadelsur.com.ar\/index.php?rest_route=\/wp\/v2\/posts\/52745\/revisions\/52748"}],"wp:featuredmedia":[{"embeddable":true,"href":"https:\/\/panoramadelsur.com.ar\/index.php?rest_route=\/wp\/v2\/media\/52747"}],"wp:attachment":[{"href":"https:\/\/panoramadelsur.com.ar\/index.php?rest_route=%2Fwp%2Fv2%2Fmedia&parent=52745"}],"wp:term":[{"taxonomy":"category","embeddable":true,"href":"https:\/\/panoramadelsur.com.ar\/index.php?rest_route=%2Fwp%2Fv2%2Fcategories&post=52745"},{"taxonomy":"post_tag","embeddable":true,"href":"https:\/\/panoramadelsur.com.ar\/index.php?rest_route=%2Fwp%2Fv2%2Ftags&post=52745"}],"curies":[{"name":"wp","href":"https:\/\/api.w.org\/{rel}","templated":true}]}}