{"id":52755,"date":"2024-06-04T01:02:00","date_gmt":"2024-06-04T04:02:00","guid":{"rendered":"https:\/\/panoramadelsur.com.ar\/?p=52755"},"modified":"2024-06-04T18:33:13","modified_gmt":"2024-06-04T21:33:13","slug":"la-uca-advierte-que-la-pobreza-es-un-problema-estructural-de-la-argentina-que-costara-resolver","status":"publish","type":"post","link":"https:\/\/panoramadelsur.com.ar\/?p=52755","title":{"rendered":"LA UCA ADVIERTE QUE LA POBREZA ES UN \u00abPROBLEMA ESTRUCTURAL\u00bb DE LA ARGENTINA QUE COSTAR\u00c1 RESOLVER"},"content":{"rendered":"\n<p>La pobreza ya es un \u00abproblema estructural\u00bb de la Argentina y para que se reduzca debe mejorar la estructura productiva del pa\u00eds, como condici\u00f3n necesaria para que el mercado de trabajo tome impulso.<\/p>\n\n\n\n<p>As\u00ed lo se\u00f1al\u00f3 Eduardo Donza, investigador del Observatorio de la Deuda Social de la Universidad Cat\u00f3lica Argentina (UCA).<\/p>\n\n\n\n<p>Seg\u00fan el acad\u00e9mico, \u00absi no mejora el mercado de trabajo es muy dif\u00edcil salir de esta situaci\u00f3n. Pero para que eso ocurra tiene que haber pol\u00edticas de Estado que apunten a la producci\u00f3n\u00bb.<\/p>\n\n\n\n<p>Donza consider\u00f3 que, en la Argentina, la pobreza \u00abya es estructural y esta es la tercera generaci\u00f3n que nace en esa&nbsp;situaci\u00f3n. En los \u00faltimos 20 a\u00f1os, nunca hemos tenido menos de uno de cada cuatro argentinos en la pobreza\u00bb.<\/p>\n\n\n\n<p>\u00abEs que venimos de d\u00e9cadas de fracaso en la implementaci\u00f3n de pol\u00edticas sociales. En ese per\u00edodo, el Estado nunca encontr\u00f3 la forma de disminuir los niveles de pobreza\u00bb, enfatiz\u00f3.<\/p>\n\n\n\n<p>Seg\u00fan la UCA, la pobreza trep\u00f3 del 44,7% en el tercer trimestre del 2023 al 55,5% en el primer trimestre de este a\u00f1o, al tiempo que la indigencia pas\u00f3 del 9,6% a 17,5% en el mismo per\u00edodo.<\/p>\n\n\n\n<p>De acuerdo con el estudio acad\u00e9mico, la pobreza -que se determina por el valor de la canasta b\u00e1sica alimentaria- ya&nbsp;alcanza a 24,9 millones de residentes en \u00e1reas urbanas en el pa\u00eds, mientras que unos 7,8 millones de personas de ellos est\u00e1 sumergido en la indigencia.&nbsp;<\/p>\n\n\n\n<p>\u00abEstos datos reflejan el impacto de la devaluaci\u00f3n, que provoc\u00f3 una inflaci\u00f3n acelerada y de las pol\u00edticas de shock que implement\u00f3 el Gobierno, porque piensa que son las medidas m\u00e1s eficientes\u00bb, sostuvo Donza, en declaraciones al programa \u00abESta ma\u00f1ana\u00bb de radio Rivadavia.&nbsp;<\/p>\n\n\n\n<p>A su criterio, \u00abven\u00edamos de un esquema que ya ten\u00eda serios problemas. Pero si no hay pol\u00edticas de Estado que aumenten &#8216;la torta&#8217; para poderla repartir a partir de consensos, el panorama no cambiar\u00e1\u00bb.<\/p>\n\n\n\n<p>\u00abTenemos una poblaci\u00f3n que se empobrece cada vez m\u00e1s\u00bb, alert\u00f3 el especialista. &nbsp; &nbsp; &nbsp; &nbsp; &nbsp; &nbsp; &nbsp; &nbsp; &nbsp; &nbsp; &nbsp;&nbsp;<\/p>\n","protected":false},"excerpt":{"rendered":"<p>La pobreza<\/p>\n","protected":false},"author":1,"featured_media":52756,"comment_status":"closed","ping_status":"closed","sticky":false,"template":"","format":"standard","meta":{"footnotes":""},"categories":[1,4],"tags":[],"class_list":["post-52755","post","type-post","status-publish","format-standard","has-post-thumbnail","hentry","category-destacados","category-nacionales"],"_links":{"self":[{"href":"https:\/\/panoramadelsur.com.ar\/index.php?rest_route=\/wp\/v2\/posts\/52755","targetHints":{"allow":["GET"]}}],"collection":[{"href":"https:\/\/panoramadelsur.com.ar\/index.php?rest_route=\/wp\/v2\/posts"}],"about":[{"href":"https:\/\/panoramadelsur.com.ar\/index.php?rest_route=\/wp\/v2\/types\/post"}],"author":[{"embeddable":true,"href":"https:\/\/panoramadelsur.com.ar\/index.php?rest_route=\/wp\/v2\/users\/1"}],"replies":[{"embeddable":true,"href":"https:\/\/panoramadelsur.com.ar\/index.php?rest_route=%2Fwp%2Fv2%2Fcomments&post=52755"}],"version-history":[{"count":1,"href":"https:\/\/panoramadelsur.com.ar\/index.php?rest_route=\/wp\/v2\/posts\/52755\/revisions"}],"predecessor-version":[{"id":52757,"href":"https:\/\/panoramadelsur.com.ar\/index.php?rest_route=\/wp\/v2\/posts\/52755\/revisions\/52757"}],"wp:featuredmedia":[{"embeddable":true,"href":"https:\/\/panoramadelsur.com.ar\/index.php?rest_route=\/wp\/v2\/media\/52756"}],"wp:attachment":[{"href":"https:\/\/panoramadelsur.com.ar\/index.php?rest_route=%2Fwp%2Fv2%2Fmedia&parent=52755"}],"wp:term":[{"taxonomy":"category","embeddable":true,"href":"https:\/\/panoramadelsur.com.ar\/index.php?rest_route=%2Fwp%2Fv2%2Fcategories&post=52755"},{"taxonomy":"post_tag","embeddable":true,"href":"https:\/\/panoramadelsur.com.ar\/index.php?rest_route=%2Fwp%2Fv2%2Ftags&post=52755"}],"curies":[{"name":"wp","href":"https:\/\/api.w.org\/{rel}","templated":true}]}}