{"id":52765,"date":"2024-06-04T01:02:00","date_gmt":"2024-06-04T04:02:00","guid":{"rendered":"https:\/\/panoramadelsur.com.ar\/?p=52765"},"modified":"2024-06-04T19:21:40","modified_gmt":"2024-06-04T22:21:40","slug":"kicillof-cuestiono-al-gobierno-por-el-cierre-de-oficinas-del-correo-en-todo-el-pais-y-advirtio-por-los-efectos-que-tendra-en-las-elecciones","status":"publish","type":"post","link":"https:\/\/panoramadelsur.com.ar\/?p=52765","title":{"rendered":"KICILLOF CUESTION\u00d3 AL GOBIERNO POR EL CIERRE DE OFICINAS DEL CORREO EN TODO EL PA\u00cdS Y ADVIRTI\u00d3 POR LOS EFECTOS QUE TENDR\u00c1 EN LAS ELECCIONES"},"content":{"rendered":"\n<p>El gobernador de la provincia de Buenos Aires, Axel Kicillof, advirti\u00f3 acerca de los efectos electorales que puede tener el\u00a0desmantelamiento que el gobierno nacional ejecuta sobre las diferentes oficinas del Correo Argentino distribuidas a lo largo y a lo ancho del pa\u00eds.<\/p>\n\n\n\n<p>\u201cEs muy grave el desmantelamiento del Correo que est\u00e1 ejecutando Milei en muchos pueblos de la Provincia. Como cuando los gobiernos que admira cerraron el ferrocarril,\u00a0contribuye a aislar al interior. Pero tambi\u00e9n preocupa mucho el efecto sobre los actos electorales\u201d, poste\u00f3 el mandatario bonaerense en su cuenta de la red social X.<\/p>\n\n\n\n<p>El economista agreg\u00f3 el\u00a0<a href=\"https:\/\/x.com\/Kicillofok\/status\/1797322641381941610\">link de una nota<\/a>\u00a0que el periodista Ra\u00fal \u201cTuny\u201d Kollman public\u00f3 este domingo en el diario\u00a0<em>P\u00e1gina\/12<\/em>\u00a0en donde se plante\u00f3 que\u00a0\u201cno hay garant\u00edas para realizar las elecciones del a\u00f1o que viene\u201d dado que \u201cel recorte de 5.000 trabajadores impedir\u00eda, hoy por hoy, realizar el operativo electoral\u201d.\u00a0<\/p>\n\n\n\n<p>El art\u00edculo period\u00edstico indica que existe preocupaci\u00f3n en el juzgado federal n\u00famero 1, con competencia electoral, que es el encargado de la supervisi\u00f3n y organizaci\u00f3n de los comicios en todo el pa\u00eds debido a que\u00a0\u201clos 5.000 despidos y retiros voluntarios en el Correo Argentino impedir\u00edan, hoy por hoy, organizar el voto de los ciudadanos\u201d.\u00a0<\/p>\n\n\n\n<p>\u201cSucede que el Correo es el coraz\u00f3n de todo el operativo electoral. Por ejemplo, se utilizan 16.000 veh\u00edculos del Correo, mulas y hasta lanchas para llevar las urnas y todo el material, incluyendo las planillas y las boletas de cada partido\u201d, se indic\u00f3 en la nota.<\/p>\n\n\n\n<p>Se apunt\u00f3 que \u201cel Correo mueve los padrones, los manuales de capacitaci\u00f3n y hasta los biombos de cart\u00f3n que se usaron en 2023. Pero, adem\u00e1s, es el Correo el que re\u00fane los primeros resultados a trav\u00e9s de telegramas y esas planillas se juntan en centros regionales y luego en Capital Federal. Por lo que dicen en Tribunales, entre los despidos y retiros, est\u00e1n los empleados que vienen realizando el trabajo t\u00e9cnico y gran parte del personal que conocen c\u00f3mo se hacen los traslados y la operatoria de los dos d\u00edas previos y el d\u00eda mismo de una elecci\u00f3n nacional\u201d.<\/p>\n\n\n\n<p>El art\u00edculo de\u00a0<em>P\u00e1gina\/12<\/em>\u00a0record\u00f3 que\u00a0entre las funciones del Correo se destacan: la distribuci\u00f3n de las urnas y todos los materiales que se usan en los comicios\u00a0-una cuesti\u00f3n clave, que requiere rutas muy precisas entre unas escuelas y otras-; el traslado del padr\u00f3n de votantes de cada mesa, las boletas de cada uno de los partidos, las planillas donde se volcar\u00e1 el recuento y todo el material que se utilizar\u00e1 el d\u00eda de la elecci\u00f3n; y el retiro de las urnas, con los votos y las planillas adentro, desde todos los puntos de la Argentina.<\/p>\n\n\n\n<p>Tambi\u00e9n se ocupa de gestionar los votos por correo, incluyendo los del extranjero; est\u00e1 encargado del recuento provisional de votos, la noche misma de las elecciones y, adem\u00e1s, las autoridades de mesa, junto a los fiscales, completan el telegrama, que se env\u00eda a centros regionales y luego a los centros nacionales del Correo.&nbsp;<\/p>\n\n\n\n<p>En paralelo,\u00a0la noche de las elecciones concentra la informaci\u00f3n\u00a0y los sistemas de difusi\u00f3n de los resultados.\u00a0<\/p>\n\n\n\n<p>Las fuentes consultadas por Kollman del juzgado electoral a cargo de Mar\u00eda Romilda Servini de Cubr\u00eda plantearon que \u201cse fueron una buena parte de los que garantizaban los operativos electorales\u201d y remarcaron que \u201cen estas condiciones, la magistrada no podr\u00e1 organizar los comicios\u201d.&nbsp;<\/p>\n\n\n\n<p>En la publicaci\u00f3n se afirm\u00f3 que\u00a0\u201chay unos 5.000 echados o que se fueron\u00a0y se menciona que el total ser\u00e1 de 7.000 de un total de 16.000 empleados. O sea que quedar\u00e1n 9.000\u201d.<\/p>\n\n\n\n<p>\u201cComo en muchas otras \u00e1reas, el gobierno de Javier Milei s\u00f3lo est\u00e1 concentrado en reducir, conseguir d\u00e9ficit cero, despedir, sin planificaci\u00f3n ni estudio de ning\u00fan tipo. No hay criterio alguno. Este tipo de pol\u00edticas deriv\u00f3 esta semana en la falta de gas y en que no hay firma para realizar compras de repuestos imprescindibles para los trenes. Pero la feroz ofensiva contra los trabajadores del Correo evidencia la imprevisi\u00f3n en algo que ser\u00e1 grav\u00edsimo el a\u00f1o que viene: est\u00e1 en juego la realizaci\u00f3n de las elecciones de manera eficiente y transparente. Como se vienen haciendo desde 1983\u201d, cerr\u00f3 la nota.<\/p>\n\n\n\n<h2 class=\"wp-block-heading\">\u201cQ<strong>uieren achicar a la provincia de Buenos Aires\u201d<\/strong><\/h2>\n\n\n\n<p>Kicillof encabez\u00f3 este martes la\u00a0reapertura del museo municipal \u201cFlorencio Molina Campos\u201d, tras permanecer cerrado por 18 a\u00f1os, y all\u00ed critic\u00f3 \u201ca los que quieren achicar a la provincia de Buenos Aires\u201d y puso en valor el patrimonio de este territorio.<\/p>\n\n\n\n<p>Acompa\u00f1ado por la intendenta local,\u00a0Mariel Fern\u00e1ndez, el mandatario celebr\u00f3 la reapertura del museo y expuso que ello \u201cse resignifica con lo que est\u00e1 ocurriendo a nivel del gobierno nacional\u201d dado que se pas\u00f3 de \u201cun ritmo de recuperaci\u00f3n y reconstrucci\u00f3n muy fuerte\u201d a una etapa de \u201cobst\u00e1culos y limitaciones\u201d.<\/p>\n\n\n\n<p>\u201cTenemos un presidente que se le pasa viajando por el mundo y proponiendo como gran proyecto convertirnos a los argentinos y argentinas en otro pa\u00eds. Yo quiero ser de ac\u00e1 de la provincia de Buenos Aires\u201d, enfatiz\u00f3 Kicillof.<\/p>\n\n\n\n<p>Sostuvo que \u201ceste es un aporte m\u00e1s, que forma parte de un conjunto de acciones que tienen que ver con la recuperaci\u00f3n, puesta en valor e inversi\u00f3n en el patrimonio bonaerense\u201d y, en ese marco,\u00a0cuestion\u00f3 \u201ca los que quieren achicar a la provincia de Buenos Aires\u201d.<\/p>\n\n\n\n<p>\u201cLa potencia cultural de nuestra provincia los asusta un poco, porque pone en el centro de la cultura bonaerense al trabajador y no les gusta\u201d, reflexion\u00f3; apunt\u00f3 que esta jurisdicci\u00f3n \u201ctiene una historia riqu\u00edsima que est\u00e1 en riesgo\u201d y dijo sentir \u201cuna tranquilidad enorme\u201d por el hecho de que \u201cest\u00e1 la lucha del pueblo de la provincia\u201d.<\/p>\n\n\n\n<p>El economista concluy\u00f3 su discurso al afirmar que\u00a0\u201cen momentos en el que todo lo nacional se pone en duda y lo importado es mejor, donde nuestra industria y los trabajadores no importan, como tampoco importa nuestra historia, nada mejor que resaltar y recordar a nuestros grandes hombres y poner en valor nuestro patrimonio\u201d.\u00a0<\/p>\n","protected":false},"excerpt":{"rendered":"<p>El gobernador<\/p>\n","protected":false},"author":1,"featured_media":52766,"comment_status":"closed","ping_status":"closed","sticky":false,"template":"","format":"standard","meta":{"footnotes":""},"categories":[1,5],"tags":[],"class_list":["post-52765","post","type-post","status-publish","format-standard","has-post-thumbnail","hentry","category-destacados","category-provincia"],"_links":{"self":[{"href":"https:\/\/panoramadelsur.com.ar\/index.php?rest_route=\/wp\/v2\/posts\/52765","targetHints":{"allow":["GET"]}}],"collection":[{"href":"https:\/\/panoramadelsur.com.ar\/index.php?rest_route=\/wp\/v2\/posts"}],"about":[{"href":"https:\/\/panoramadelsur.com.ar\/index.php?rest_route=\/wp\/v2\/types\/post"}],"author":[{"embeddable":true,"href":"https:\/\/panoramadelsur.com.ar\/index.php?rest_route=\/wp\/v2\/users\/1"}],"replies":[{"embeddable":true,"href":"https:\/\/panoramadelsur.com.ar\/index.php?rest_route=%2Fwp%2Fv2%2Fcomments&post=52765"}],"version-history":[{"count":1,"href":"https:\/\/panoramadelsur.com.ar\/index.php?rest_route=\/wp\/v2\/posts\/52765\/revisions"}],"predecessor-version":[{"id":52767,"href":"https:\/\/panoramadelsur.com.ar\/index.php?rest_route=\/wp\/v2\/posts\/52765\/revisions\/52767"}],"wp:featuredmedia":[{"embeddable":true,"href":"https:\/\/panoramadelsur.com.ar\/index.php?rest_route=\/wp\/v2\/media\/52766"}],"wp:attachment":[{"href":"https:\/\/panoramadelsur.com.ar\/index.php?rest_route=%2Fwp%2Fv2%2Fmedia&parent=52765"}],"wp:term":[{"taxonomy":"category","embeddable":true,"href":"https:\/\/panoramadelsur.com.ar\/index.php?rest_route=%2Fwp%2Fv2%2Fcategories&post=52765"},{"taxonomy":"post_tag","embeddable":true,"href":"https:\/\/panoramadelsur.com.ar\/index.php?rest_route=%2Fwp%2Fv2%2Ftags&post=52765"}],"curies":[{"name":"wp","href":"https:\/\/api.w.org\/{rel}","templated":true}]}}