{"id":52775,"date":"2024-06-05T19:02:49","date_gmt":"2024-06-05T22:02:49","guid":{"rendered":"https:\/\/panoramadelsur.com.ar\/?p=52775"},"modified":"2024-06-05T19:02:50","modified_gmt":"2024-06-05T22:02:50","slug":"vecinos-de-countries-de-la-plata-querian-no-pagar-los-aumentos-de-impuestos-de-arba-la-justicia-les-dijo-no","status":"publish","type":"post","link":"https:\/\/panoramadelsur.com.ar\/?p=52775","title":{"rendered":"VECINOS DE COUNTRIES DE LA PLATA QUER\u00cdAN NO PAGAR LOS AUMENTOS DE IMPUESTOS DE ARBA: LA JUSTICIA LES DIJO NO"},"content":{"rendered":"\n<p>Una jueza del fuero Contencioso Administrativo de La Plata rechaz\u00f3 una medida cautelar impulsada por 33 vecinos de barrios privados con la que pretend\u00edan anular la suba de impuestos dispuesta por la Agencia de Recaudaci\u00f3n de la provincia de Buenos Aires (ARBA).<\/p>\n\n\n\n<p>La magistrada Mar\u00eda Ventura Mart\u00ednez\u00a0no hizo lugar al planteo de los propietarios de countries de la capital bonaerense a trav\u00e9s del cual pretend\u00edan abonar el Impuesto Inmobiliario correspondiente al a\u00f1o 2024 al mismo valor del a\u00f1o 2023, es decir, sin los incrementos previstos para el a\u00f1o en curso y con las bonificaciones que rigieron en el a\u00f1o 2023.<\/p>\n\n\n\n<p>La suba de impuestos, aprobada por la Legislatura bonaerense en diciembre pasado, llega hasta el 200% en algunos casos.<\/p>\n\n\n\n<p>Bajo la representaci\u00f3n de Enrique Luis Condorelli, los contribuyentes argumentaron que la Ley Fiscal Impositiva 2024 contradice el Acuerdo Fiscal al que adhiere la provincia de Buenos Aires y cuestionaron que ARBA \u201cpara justificar el aumento, se apoy\u00f3 en la variables econ\u00f3micas, inflaci\u00f3n y dem\u00e1s aspectos de la moneda a los que curiosamente, como Estado, deber\u00eda combatir pero, lejos de ello, decide aplicar una desbocada actualizaci\u00f3n de un a\u00f1o a otro, aspecto que est\u00e1 prohibido por las leyes federales citadas\u201d.<\/p>\n\n\n\n<p>No obstante, desde la Agencia de Recaudaci\u00f3n bonaerense plantearon que \u201cel marco legal ha sido establecido respetando las pautas de los Consensos Fiscales, especialmente, el del a\u00f1o 2021, siendo por tanto la liquidaci\u00f3n del tributo plenamente legal, por lo que ARBA no s\u00f3lo est\u00e1 facultada, sino obligada a intimar y ejecutar su cobro en los casos de falta de pago\u201d.<\/p>\n\n\n\n<p>Adem\u00e1s, el organismo que conduce Cristian Girard argument\u00f3 que\u00a0ARBA es la responsable de ejecutar la pol\u00edtica tributaria \u201cde acuerdo a un esquema progresivo y equitativo\u201d, que fue dictada por ambas c\u00e1maras legislativas.<\/p>\n\n\n\n<p>En el fallo, Mart\u00ednez Ventura consider\u00f3 que la demanda de los contribuyentes \u201cexcede ampliamente los l\u00edmites del conocimiento cautelar pues no se limita a un an\u00e1lisis jur\u00eddico como pareciera quererse ver en la postulaci\u00f3n, sino exige la tarea propia de la actividad probatoria y del debate amplio del proceso de conocimiento\u201d.<\/p>\n\n\n\n<p>A la vez,\u00a0la jueza decidi\u00f3 \u201crechazar la medida cautelar solicitada atento su manifiesta improcedencia\u201d, impuso costas \u201cen el orden causado al no haberse suscitado controversia\u201d\u00a0y posterg\u00f3 \u201cla regulaci\u00f3n de honorarios del letrado patrocinante de los actores para el momento de dar por concluida la causa, a los fines de evaluar la totalidad del trabajo realizado\u201d.<\/p>\n","protected":false},"excerpt":{"rendered":"<p>Una jueza<\/p>\n","protected":false},"author":1,"featured_media":52776,"comment_status":"closed","ping_status":"closed","sticky":false,"template":"","format":"standard","meta":{"footnotes":""},"categories":[5],"tags":[],"class_list":["post-52775","post","type-post","status-publish","format-standard","has-post-thumbnail","hentry","category-provincia"],"_links":{"self":[{"href":"https:\/\/panoramadelsur.com.ar\/index.php?rest_route=\/wp\/v2\/posts\/52775","targetHints":{"allow":["GET"]}}],"collection":[{"href":"https:\/\/panoramadelsur.com.ar\/index.php?rest_route=\/wp\/v2\/posts"}],"about":[{"href":"https:\/\/panoramadelsur.com.ar\/index.php?rest_route=\/wp\/v2\/types\/post"}],"author":[{"embeddable":true,"href":"https:\/\/panoramadelsur.com.ar\/index.php?rest_route=\/wp\/v2\/users\/1"}],"replies":[{"embeddable":true,"href":"https:\/\/panoramadelsur.com.ar\/index.php?rest_route=%2Fwp%2Fv2%2Fcomments&post=52775"}],"version-history":[{"count":1,"href":"https:\/\/panoramadelsur.com.ar\/index.php?rest_route=\/wp\/v2\/posts\/52775\/revisions"}],"predecessor-version":[{"id":52777,"href":"https:\/\/panoramadelsur.com.ar\/index.php?rest_route=\/wp\/v2\/posts\/52775\/revisions\/52777"}],"wp:featuredmedia":[{"embeddable":true,"href":"https:\/\/panoramadelsur.com.ar\/index.php?rest_route=\/wp\/v2\/media\/52776"}],"wp:attachment":[{"href":"https:\/\/panoramadelsur.com.ar\/index.php?rest_route=%2Fwp%2Fv2%2Fmedia&parent=52775"}],"wp:term":[{"taxonomy":"category","embeddable":true,"href":"https:\/\/panoramadelsur.com.ar\/index.php?rest_route=%2Fwp%2Fv2%2Fcategories&post=52775"},{"taxonomy":"post_tag","embeddable":true,"href":"https:\/\/panoramadelsur.com.ar\/index.php?rest_route=%2Fwp%2Fv2%2Ftags&post=52775"}],"curies":[{"name":"wp","href":"https:\/\/api.w.org\/{rel}","templated":true}]}}