{"id":52787,"date":"2024-06-05T19:26:10","date_gmt":"2024-06-05T22:26:10","guid":{"rendered":"https:\/\/panoramadelsur.com.ar\/?p=52787"},"modified":"2024-06-05T19:26:10","modified_gmt":"2024-06-05T22:26:10","slug":"escandalo-de-los-alimentos-diputados-convoca-a-la-ministra-pettovello-para-el-martes-proximo","status":"publish","type":"post","link":"https:\/\/panoramadelsur.com.ar\/?p=52787","title":{"rendered":"ESC\u00c1NDALO DE LOS ALIMENTOS: DIPUTADOS CONVOCA A LA MINISTRA PETTOVELLO PARA EL MARTES PR\u00d3XIMO"},"content":{"rendered":"\n<p>La comisi\u00f3n de Acci\u00f3n Social y Salud P\u00fablica de la C\u00e1mara de Diputados convocar\u00e1 a la ministra de Capital Humano, Sandra Pettovello, para el pr\u00f3ximo martes a fin de que provea respuestas respecto del esc\u00e1ndalo que se suscit\u00f3 al interior de su cartera tras la denuncia por el hallazgo de toneladas de alimentos en galpones del Estado nacional sin distribuir.<\/p>\n\n\n\n<p>El presidente de la comisi\u00f3n, Pablo Yedlin (Uni\u00f3n por la Patria), aclar\u00f3 que no es una citaci\u00f3n propiamente dicha (que tiene una carga de exigibilidad m\u00e1s alta) sino una convocatoria para el martes 11 de junio a las 13.30.<\/p>\n\n\n\n<p>\u201cEn ese marco de confianza, de colaboraci\u00f3n y control que tiene el Congreso con el Poder Ejecutivo, en base a la situaci\u00f3n del tema alimentario en la Argentina, la convocamos para el martes que viene a las 13.30 para que si ella puede, que venga y pueda contestar las preguntas de los diputados y diputadas de su \u00e1rea que tenemos en este caso\u201d, indic\u00f3 el tucumano.<\/p>\n\n\n\n<p>\u201cSi ella no puede por motivos de agenda yo les comentar\u00e9 qu\u00e9 d\u00eda de junio podr\u00eda acercarse\u201d, aclar\u00f3.<\/p>\n\n\n\n<p>Yedlin explic\u00f3 que se pondr\u00e1n a la vista b\u00e1sicamente dos grupos de expedientes: un primero que son pedidos de informes a Capital Humano, que no han podido unificarse al tener giros de comisi\u00f3n distintos; y otro grupo vinculado a citaciones, que tienen giro a la comisi\u00f3n de Asuntos Constitucionales.<\/p>\n\n\n\n<p>La convocatoria a Pettovello fue firmada por el titular de la comisi\u00f3n, la vicepresidenta de la C\u00e1mara baja, Cecilia Moreau, M\u00f3nica Fein, Daniel Goll\u00e1n; Eugenia Alianiello; Juan Marino; Luana Volnovich; Estela Neder, Carlos Fern\u00e1ndez; Blanca Osuna; y Jorge Araujo Hernandez.<\/p>\n\n\n\n<p>Para Fein (Partido Socialista), \u201cser\u00eda muy importante que la ministra recurriera a esta invitaci\u00f3n porque el propio gobierno ha reconocido irregularidades\u201d.<\/p>\n\n\n\n<p>Seg\u00fan dijo la santafesina, \u00abser\u00eda muy importante discutir con la ministra la situaci\u00f3n de profunda vulnerabilidad y las pol\u00edticas que van a llevar adelante\u201d.<\/p>\n\n\n\n<p>Por su parte, la diputada del radicalismo Carla Carrizo reclam\u00f3 \u201csaber qu\u00e9 pas\u00f3\u201d por la demora en la entrega de alimentos a comedores y merenderos populares\u00bb.<\/p>\n\n\n\n<p>En la misma l\u00ednea, la diputada de Uni\u00f3n por la Patria Roxana Monz\u00f3n expres\u00f3 que es imperativo saber \u00absi la ministra conoc\u00eda o no conoc\u00eda la cantidad de alimentos guardados en los galpones y por eso tiene que venir a dar explicaciones, bajarse de la soberbia porque el pueblo quiere saber\u201d.<\/p>\n","protected":false},"excerpt":{"rendered":"<p>La comisi\u00f3n<\/p>\n","protected":false},"author":1,"featured_media":52788,"comment_status":"closed","ping_status":"closed","sticky":false,"template":"","format":"standard","meta":{"footnotes":""},"categories":[4],"tags":[],"class_list":["post-52787","post","type-post","status-publish","format-standard","has-post-thumbnail","hentry","category-nacionales"],"_links":{"self":[{"href":"https:\/\/panoramadelsur.com.ar\/index.php?rest_route=\/wp\/v2\/posts\/52787","targetHints":{"allow":["GET"]}}],"collection":[{"href":"https:\/\/panoramadelsur.com.ar\/index.php?rest_route=\/wp\/v2\/posts"}],"about":[{"href":"https:\/\/panoramadelsur.com.ar\/index.php?rest_route=\/wp\/v2\/types\/post"}],"author":[{"embeddable":true,"href":"https:\/\/panoramadelsur.com.ar\/index.php?rest_route=\/wp\/v2\/users\/1"}],"replies":[{"embeddable":true,"href":"https:\/\/panoramadelsur.com.ar\/index.php?rest_route=%2Fwp%2Fv2%2Fcomments&post=52787"}],"version-history":[{"count":1,"href":"https:\/\/panoramadelsur.com.ar\/index.php?rest_route=\/wp\/v2\/posts\/52787\/revisions"}],"predecessor-version":[{"id":52789,"href":"https:\/\/panoramadelsur.com.ar\/index.php?rest_route=\/wp\/v2\/posts\/52787\/revisions\/52789"}],"wp:featuredmedia":[{"embeddable":true,"href":"https:\/\/panoramadelsur.com.ar\/index.php?rest_route=\/wp\/v2\/media\/52788"}],"wp:attachment":[{"href":"https:\/\/panoramadelsur.com.ar\/index.php?rest_route=%2Fwp%2Fv2%2Fmedia&parent=52787"}],"wp:term":[{"taxonomy":"category","embeddable":true,"href":"https:\/\/panoramadelsur.com.ar\/index.php?rest_route=%2Fwp%2Fv2%2Fcategories&post=52787"},{"taxonomy":"post_tag","embeddable":true,"href":"https:\/\/panoramadelsur.com.ar\/index.php?rest_route=%2Fwp%2Fv2%2Ftags&post=52787"}],"curies":[{"name":"wp","href":"https:\/\/api.w.org\/{rel}","templated":true}]}}