{"id":52796,"date":"2024-06-05T01:01:00","date_gmt":"2024-06-05T04:01:00","guid":{"rendered":"https:\/\/panoramadelsur.com.ar\/?p=52796"},"modified":"2024-06-05T19:39:58","modified_gmt":"2024-06-05T22:39:58","slug":"la-camara-federal-confirmo-fallo-y-ordeno-a-capital-humano-que-elabore-un-plan-para-distribuir-alimentos-de-forma-inmediata","status":"publish","type":"post","link":"https:\/\/panoramadelsur.com.ar\/?p=52796","title":{"rendered":"LA C\u00c1MARA FEDERAL CONFIRM\u00d3 FALLO Y ORDEN\u00d3 A CAPITAL HUMANO QUE ELABORE UN PLAN PARA DISTRIBUIR ALIMENTOS DE FORMA INMEDIATA"},"content":{"rendered":"\n<p>La\u00a0C\u00e1mara Federal porte\u00f1a\u00a0orden\u00f3 hoy al\u00a0Ministerio de Capital Humano\u00a0que conduce la ministra Sandra Pettovello que elabore un plan de distribuci\u00f3n de los alimentos que se encuentran en los dep\u00f3sitos de esa cartera y que lo ejecute de forma inmediata.<\/p>\n\n\n\n<p>De esta forma,\u00a0la sala II del tribunal\u00a0confirm\u00f3 el fallo del juez Sebasti\u00e1n Casanello, quien el 27 de mayo hab\u00eda ordenado\u00a0esa misma medida\u00a0a la funcionaria pero que hab\u00eda sido apelada porque el Gobierno consideraba que la Justicia no pod\u00eda inmiscuirse en pol\u00edticas de seguridad alimentaria.<\/p>\n\n\n\n<p>En la resoluci\u00f3n firmada hoy por los camaristas Mart\u00edn Irurzun, Guillermo Farah y Roberto Boico se ratific\u00f3 la resoluci\u00f3n de Casanello en cuanto a que solicitaba a la Secretar\u00eda de Ni\u00f1ez, Adolescencia y Familia del mencionado ministerio \u201cel detalle del stock actual de los alimentos almacenados en los dep\u00f3sitos ubicados en las localidades de Villa Martelli, Vicente L\u00f3pez, Provincia de Buenos Aires, y Taf\u00ed Viejo, Provincia de Tucum\u00e1n, incluyendo tipo de alimento, y las fechas de adquisici\u00f3n y expiraci\u00f3n de la mercader\u00eda\u201d.<\/p>\n\n\n\n<p>Tambi\u00e9n le hab\u00eda pedido \u201clos registros de ingreso y egreso de mercader\u00eda desde diciembre de 2023 hasta la fecha y los\u00a0expedientes administrativos en los que haya tramitado\u00a0la adquisici\u00f3n de los alimentos almacenados, junto con toda otra actuaci\u00f3n y\/o documentaci\u00f3n vinculada\u201d.<\/p>\n\n\n\n<p>Adem\u00e1s le encomend\u00f3 que \u201celabore un plan de distribuci\u00f3n de dichos alimentos en atenci\u00f3n a su tipo, cantidad, fecha de vencimiento y grupo de destino, previendo su ejecuci\u00f3n de modo inmediato; lo que deber\u00e1 informarse de manera precisa en el plazo de 72 horas\u201d.<\/p>\n\n\n\n<p>En relaci\u00f3n a la actuaci\u00f3n de Casanello, el\u00a0camarista Irurzun se\u00f1al\u00f3 en su voto que \u201cla decisi\u00f3n fue adoptada por un juez penal en el marco de una causa en desarrollo,\u00a0con lo cual no puede sostenerse -como pretende la recurrente- que estamos en presencia de una intromisi\u00f3n indebida de la justicia en esferas que son de exclusiva competencia de otro \u00f3rgano del Estado\u201d.<\/p>\n\n\n\n<p>\u201cNo est\u00e1n en discusi\u00f3n las pol\u00edticas de Estado en materia de seguridad alimentaria sino, lisa y llanamente, si existi\u00f3 una il\u00edcita actuaci\u00f3n de funcionarios p\u00fablicos que agrav\u00f3 a\u00fan m\u00e1s la situaci\u00f3n catastr\u00f3fica en la que se encuentra un importante grupo de personas que no tienen sus derechos humanos b\u00e1sicos cubiertos\u201d, remarc\u00f3 el juez.<\/p>\n\n\n\n<p>Por su parte, Farah hizo hincapi\u00e9 en que Casanello no orden\u00f3 directamente la entrega de los alimentos, tal como hab\u00eda reclamado la fiscal\u00eda, sino que\u00a0encomend\u00f3 la elaboraci\u00f3n del plan de distribuci\u00f3n.<\/p>\n\n\n\n<p>\u201cEsta diferencia, a mi entender, es sustancial y pone de manifiesto una actitud de prudencia del Juez de Primera Instancia, que debe ser destacada\u201d, se\u00f1al\u00f3 Farah.<\/p>\n\n\n\n<p>Tambi\u00e9n cuestion\u00f3 al Ministerio de Capital Humano por quejarse de la \u201cintromisi\u00f3n\u201d judicial, curiosamente a trav\u00e9s de un recurso procesal ante otra autoridad \u201cjudicial\u201d, y se pregunt\u00f3 \u201cante cuantas instancias \u201cjudiciales\u201d est\u00e1 dispuesto a llegar \u201cpara comprender que es atribuci\u00f3n de este Poder del Estado el control de los actos de gobierno cuando las decisiones (u omisiones) afectan derechos de las personas y existen medios disponibles para satisfacer esos derechos\u201d.<\/p>\n\n\n\n<p>Esta causa se inici\u00f3 por denuncia del dirigente Juan Grabois al determinarse que hab\u00eda 5 mil toneladas de alimentos sin repartir y este lunes Pettovello firm\u00f3 un convenio con la Fundaci\u00f3n CONIN para que, a trav\u00e9s de 64 centros de distribuci\u00f3n, sus comedores y merenderos, facilite la provisi\u00f3n de m\u00e1s de 465 mil kilos de leche en polvo que est\u00e1n pr\u00f3ximos a vencerse.<\/p>\n\n\n\n<h2 class=\"wp-block-heading\"><strong>Pidieron evaluar las conductas de Grabois y Gianni<\/strong><\/h2>\n\n\n\n<p>Debido a que antes y durante una audiencia realizada ayer en el marco de esta causa Grabois y la secretaria legal de Capital Humano, Leila Gianni,\u00a0mantuvieron un duro intercambio que incluy\u00f3 insultos, la C\u00e1mara libr\u00f3 oficios al Colegio P\u00fablico de Abogados porte\u00f1o y a la propia cartera para que \u201ceval\u00faen las conductas desplegadas\u201d por ambos, que fueron ampliamente difundidos por medios de comunicaci\u00f3n.<\/p>\n\n\n\n<p>\u201cLejos de ser atenida al objeto recursivo,\u00a0la misma se convirti\u00f3 en una inmadura discusi\u00f3n entre personas que eligieron esa modalidad para representar a los verdaderos titulares del conflicto\u00a0judicial, utilizando la ocasi\u00f3n y sus esfuerzos para exponer sus diferencias personales\u201d, consider\u00f3 el juez Irurzun.<\/p>\n\n\n\n<p>Agreg\u00f3 que \u201clamentablemente, las voces de aquellos a los que representan quedaron ocultas tras gestos violentos y agresiones verbales tanto dentro como fuera de la Sala de Audiencias, y el objetivo del acto, mucho m\u00e1s profundo, urgente y doloroso que los conflictos que tienen entre ellos, qued\u00f3 desdibujado\u201d.<\/p>\n","protected":false},"excerpt":{"rendered":"<p>La\u00a0C\u00e1mara Federal<\/p>\n","protected":false},"author":1,"featured_media":52797,"comment_status":"closed","ping_status":"closed","sticky":false,"template":"","format":"standard","meta":{"footnotes":""},"categories":[1,4],"tags":[],"class_list":["post-52796","post","type-post","status-publish","format-standard","has-post-thumbnail","hentry","category-destacados","category-nacionales"],"_links":{"self":[{"href":"https:\/\/panoramadelsur.com.ar\/index.php?rest_route=\/wp\/v2\/posts\/52796","targetHints":{"allow":["GET"]}}],"collection":[{"href":"https:\/\/panoramadelsur.com.ar\/index.php?rest_route=\/wp\/v2\/posts"}],"about":[{"href":"https:\/\/panoramadelsur.com.ar\/index.php?rest_route=\/wp\/v2\/types\/post"}],"author":[{"embeddable":true,"href":"https:\/\/panoramadelsur.com.ar\/index.php?rest_route=\/wp\/v2\/users\/1"}],"replies":[{"embeddable":true,"href":"https:\/\/panoramadelsur.com.ar\/index.php?rest_route=%2Fwp%2Fv2%2Fcomments&post=52796"}],"version-history":[{"count":1,"href":"https:\/\/panoramadelsur.com.ar\/index.php?rest_route=\/wp\/v2\/posts\/52796\/revisions"}],"predecessor-version":[{"id":52798,"href":"https:\/\/panoramadelsur.com.ar\/index.php?rest_route=\/wp\/v2\/posts\/52796\/revisions\/52798"}],"wp:featuredmedia":[{"embeddable":true,"href":"https:\/\/panoramadelsur.com.ar\/index.php?rest_route=\/wp\/v2\/media\/52797"}],"wp:attachment":[{"href":"https:\/\/panoramadelsur.com.ar\/index.php?rest_route=%2Fwp%2Fv2%2Fmedia&parent=52796"}],"wp:term":[{"taxonomy":"category","embeddable":true,"href":"https:\/\/panoramadelsur.com.ar\/index.php?rest_route=%2Fwp%2Fv2%2Fcategories&post=52796"},{"taxonomy":"post_tag","embeddable":true,"href":"https:\/\/panoramadelsur.com.ar\/index.php?rest_route=%2Fwp%2Fv2%2Ftags&post=52796"}],"curies":[{"name":"wp","href":"https:\/\/api.w.org\/{rel}","templated":true}]}}