{"id":52808,"date":"2024-06-06T01:05:00","date_gmt":"2024-06-06T04:05:00","guid":{"rendered":"https:\/\/panoramadelsur.com.ar\/?p=52808"},"modified":"2024-06-05T20:50:52","modified_gmt":"2024-06-05T23:50:52","slug":"kicillof-y-correa-encabezaron-la-reunion-plenaria-de-la-copreti","status":"publish","type":"post","link":"https:\/\/panoramadelsur.com.ar\/?p=52808","title":{"rendered":"KICILLOF Y CORREA ENCABEZARON LA REUNI\u00d3N PLENARIA DE LA COPRETI"},"content":{"rendered":"\n<p>El gobernador Axel Kicillof, junto a los ministros de Trabajo, Walter Correa, y de Desarrollo Agrario, Javier Rodr\u00edguez, encabez\u00f3 esta semana el acto de presentaci\u00f3n del Plan Operativo 2024-2028 de la Comisi\u00f3n Provincial para la Erradicaci\u00f3n del Trabajo Infantil (COPRETI). Fue en el marco de la 47\u00b0 reuni\u00f3n plenaria del organismo, llevada a cabo en el Sal\u00f3n Dorado de la Casa de Gobierno, con la participaci\u00f3n de su secretario ejecutivo, Nicol\u00e1s Vi\u00f1es.<\/p>\n\n\n\n<p>\u201cEstamos frente a un desaf\u00edo muy grande, ya que el combate y la erradicaci\u00f3n del trabajo infantil requiere acciones coordinadas y articuladas entre diferentes \u00e1reas de gobierno y organizaciones de la comunidad\u201d, expres\u00f3 Kicillof y afirm\u00f3: \u201cSe trata de una pol\u00edtica p\u00fablica que debe ser transversal e involucrar a todas las \u00e1reas del Estado\u201d.<\/p>\n\n\n\n<p>Adem\u00e1s, el Gobernador se\u00f1al\u00f3 que \u201cno hay momento m\u00e1s adecuado para abordar la problem\u00e1tica del trabajo infantil que este contexto de deserci\u00f3n del Gobierno nacional, en el que se intenta generar un retroceso en materia de derechos laborales que permitir\u00eda la proliferaci\u00f3n de estas pr\u00e1cticas de explotaci\u00f3n\u201d. \u201cCon el proyecto de Ley Bases y las medidas de ajuste y precarizaci\u00f3n, todo lo que hemos podido avanzar como sociedad est\u00e1 nuevamente en riesgo\u201d, explic\u00f3.<\/p>\n\n\n\n<p>El plan propone formas de acci\u00f3n para la prevenci\u00f3n y erradicaci\u00f3n del trabajo infantil y la protecci\u00f3n del trabajo adolescente, a trav\u00e9s de la articulaci\u00f3n entre los ministerios y organismos del Estado bonaerense, organizaciones sindicales y la Organizaci\u00f3n Internacional del Trabajo (OIT). Tras su presentaci\u00f3n comienza una etapa de evaluaci\u00f3n y sugerencias para su posterior tratamiento en la reuni\u00f3n plenaria prevista para septiembre.<\/p>\n\n\n\n<p>Por su parte, Correa subray\u00f3: \u201cNuestra prioridad es el cuidado de las pibas y pibes bonaerenses, por eso nos parece fundamental reforzar la lucha contra el trabajo infantil\u201d. \u201cLo hacemos en estrecho v\u00ednculo con los sindicatos, iglesias, organizaciones y sociedades de fomento de todo el territorio provincial y vamos a seguir trabajando en este camino porque es nuestro compromiso con el pueblo\u201d, explic\u00f3.<\/p>\n\n\n\n<p>\u201cLa idea de este espacio es presentar el plan de gesti\u00f3n para los pr\u00f3ximos cuatro a\u00f1os a trav\u00e9s de una propuesta que se pone a disposici\u00f3n y discusi\u00f3n de todas y todos\u201d, sostuvo Vi\u00f1es e indic\u00f3: \u201cEstamos proponiendo crear foros distritales en cada municipio: queremos que la COPRETI llegue a toda la provincia de Buenos Aires\u201d.<\/p>\n\n\n\n<p>La COPRETI es una instituci\u00f3n interministerial, intersectorial y cuatripartita conformada por organismos estatales, el sector empresarial, sindicatos y organizaciones sociales de la econom\u00eda popular. Funciona en 55 nodos en zonas cr\u00edticas, haciendo hincapi\u00e9 en sectores como la agricultura periurbana, la recolecci\u00f3n de residuos urbanos, trabajos dom\u00e9sticos intensivos y en v\u00eda p\u00fablica y el sector ladrillero.<\/p>\n\n\n\n<p>\u201cDentro de la comisi\u00f3n llevamos adelante un trabajo articulado que nos permite abordar la problem\u00e1tica del trabajo infantil con espacios de cuidado y campa\u00f1as de prevenci\u00f3n en distintas zonas de la provincia\u201d, se\u00f1al\u00f3 Javier Rodr\u00edguez, al tiempo que agreg\u00f3 que \u201cpara nosotros es muy importante seguir trabajando para llegar a cada territorio con el objetivo de concientizar y crear \u00e1mbitos adecuados para las ni\u00f1eces\u201d.<\/p>\n\n\n\n<p>Por \u00faltimo, Kicillof resalt\u00f3 que \u201cm\u00e1s all\u00e1 de los discursos y las pol\u00edticas que promueven las autoridades nacionales, luego de haber recorrido la provincia de Buenos Aires durante cuatro a\u00f1os tenemos la certeza de que nuestro pueblo no es permeable a esas ideas y va a seguir luchando por sus derechos\u201d.<\/p>\n\n\n\n<p>Estuvieron presentes funcionarias y funcionarios bonaerenses, legisladoras y legisladores provinciales, miembros plenarios de COPRETI y m\u00e1s de un centenar de referentes del sector empresario, sindical, cooperativo, de asociaciones civiles y organizaciones sociales.<\/p>\n","protected":false},"excerpt":{"rendered":"<p>El gobernador<\/p>\n","protected":false},"author":1,"featured_media":52809,"comment_status":"closed","ping_status":"closed","sticky":false,"template":"","format":"standard","meta":{"footnotes":""},"categories":[5],"tags":[28,27],"class_list":["post-52808","post","type-post","status-publish","format-standard","has-post-thumbnail","hentry","category-provincia","tag-gba","tag-provincia"],"_links":{"self":[{"href":"https:\/\/panoramadelsur.com.ar\/index.php?rest_route=\/wp\/v2\/posts\/52808","targetHints":{"allow":["GET"]}}],"collection":[{"href":"https:\/\/panoramadelsur.com.ar\/index.php?rest_route=\/wp\/v2\/posts"}],"about":[{"href":"https:\/\/panoramadelsur.com.ar\/index.php?rest_route=\/wp\/v2\/types\/post"}],"author":[{"embeddable":true,"href":"https:\/\/panoramadelsur.com.ar\/index.php?rest_route=\/wp\/v2\/users\/1"}],"replies":[{"embeddable":true,"href":"https:\/\/panoramadelsur.com.ar\/index.php?rest_route=%2Fwp%2Fv2%2Fcomments&post=52808"}],"version-history":[{"count":1,"href":"https:\/\/panoramadelsur.com.ar\/index.php?rest_route=\/wp\/v2\/posts\/52808\/revisions"}],"predecessor-version":[{"id":52810,"href":"https:\/\/panoramadelsur.com.ar\/index.php?rest_route=\/wp\/v2\/posts\/52808\/revisions\/52810"}],"wp:featuredmedia":[{"embeddable":true,"href":"https:\/\/panoramadelsur.com.ar\/index.php?rest_route=\/wp\/v2\/media\/52809"}],"wp:attachment":[{"href":"https:\/\/panoramadelsur.com.ar\/index.php?rest_route=%2Fwp%2Fv2%2Fmedia&parent=52808"}],"wp:term":[{"taxonomy":"category","embeddable":true,"href":"https:\/\/panoramadelsur.com.ar\/index.php?rest_route=%2Fwp%2Fv2%2Fcategories&post=52808"},{"taxonomy":"post_tag","embeddable":true,"href":"https:\/\/panoramadelsur.com.ar\/index.php?rest_route=%2Fwp%2Fv2%2Ftags&post=52808"}],"curies":[{"name":"wp","href":"https:\/\/api.w.org\/{rel}","templated":true}]}}