{"id":52811,"date":"2024-06-06T01:06:00","date_gmt":"2024-06-06T04:06:00","guid":{"rendered":"https:\/\/panoramadelsur.com.ar\/?p=52811"},"modified":"2024-06-05T20:51:03","modified_gmt":"2024-06-05T23:51:03","slug":"se-licitaron-las-obras-para-conectar-la-autopista-la-plata-buenos-aires-con-la-avenida-520","status":"publish","type":"post","link":"https:\/\/panoramadelsur.com.ar\/?p=52811","title":{"rendered":"SE LICITARON LAS OBRAS PARA CONECTAR LA AUTOPISTA LA PLATA-BUENOS AIRES CON LA AVENIDA 520"},"content":{"rendered":"\n<p>El Ministro de Infraestructura y Servicios P\u00fablicos de la Provincia de Buenos Aires, Gabriel Katopodis y el intendente de La Plata, Julio Alak encabezaron el acto de apertura de sobres para la licitaci\u00f3n p\u00fablica de la obra que conectar\u00e1 el distribuidor de la Autopista La Plata &#8211; Buenos Aires con la Avenida 520.<\/p>\n\n\n\n<p>La convocatoria tuvo lugar en la sede del Ministerio de Infraestructura bonaerense y en representaci\u00f3n de la empresa AUBASA participaron el Presidente Jos\u00e9 Arteaga; el Vicepresidente, Walter Abarca; y el gerente General, Pablo Ceriani. Tambi\u00e9n asistieron el secretario de Planeamiento, Obras y Servicios de la UNLP, Diego Delucchi; y la directora Ejecutiva de OPISU, Romina Barrios.<\/p>\n\n\n\n<p>Al respecto, el Ministro Gabriel Katopodis detall\u00f3: \u00abEs estrat\u00e9gico poder culminar con esta conectividad y con esta obra tan importante para La Plata, en un contexto donde se pararon todas las obras nacionales, incluso la continuidad de la Autopista hasta Berisso y Ensenada\u00bb.<\/p>\n\n\n\n<p>\u00abEstamos convencidos de que la obra p\u00fablica es la que le va a seguir dando a esta Provincia el desarrollo que merecen las y los bonaerenses\u00bb, concluy\u00f3.<\/p>\n\n\n\n<p>Por su parte, el intendente, Alak afirm\u00f3: \u201cCelebro la licitaci\u00f3n de la obra que conectar\u00e1 el distribuidor de la Autopista La Plata &#8211; Buenos Aires con la Avenida 520, arteria que ser\u00e1 as\u00ed la \u00fanica v\u00eda de la ciudad que una la Autopista con la Ruta 2\u201d.<\/p>\n\n\n\n<p>El proyecto comprende la reconstrucci\u00f3n de las calles urbanas donde desemboca el Distribuidor construido en la Av. 520. Los trabajos incluyen excavaciones, movimiento de suelos, construcci\u00f3n de bases, subbases y 7.800 m2 de pavimento; defensas vehiculares de hormig\u00f3n armado, se\u00f1alamiento horizontal y vertical, iluminaci\u00f3n de las calles y el distribuidor completo junto a una pasarela peatonal.<\/p>\n\n\n\n<p>Cabe destacar que toda la obra del distribuidor de la Av. 520 se licit\u00f3 y ejecut\u00f3 en etapas. En ese sentido, ya se realiz\u00f3 la estructura y el puente, la pavimentaci\u00f3n del distribuidor y la demarcaci\u00f3n.<\/p>\n\n\n\n<p>Esta obra permitir\u00e1 un acceso directo al Mercado Regional de La Plata desde la Autopista y descomprimir\u00e1 el tr\u00e1nsito existente en la Diagonal 74.<\/p>\n\n\n\n<p>La Avenida 520 (Ruta Provincial N\u00b0 13) es una arteria fundamental de la regi\u00f3n del Gran La Plata, que vincula la Ruta Nacional N\u00b02 y la Ruta Provincial N\u00b0 36 con la Ciudad, la zona del polo petroqu\u00edmico de Ensenada y el Puerto de La Plata. Asimismo, atraviesa la zona productiva hort\u00edcola y flor\u00edcola de la regi\u00f3n, adem\u00e1s de ser asiento de numerosas empresas industriales, centros comerciales y de salud.<\/p>\n","protected":false},"excerpt":{"rendered":"<p>El Ministro<\/p>\n","protected":false},"author":1,"featured_media":52812,"comment_status":"closed","ping_status":"closed","sticky":false,"template":"","format":"standard","meta":{"footnotes":""},"categories":[5],"tags":[28,27],"class_list":["post-52811","post","type-post","status-publish","format-standard","has-post-thumbnail","hentry","category-provincia","tag-gba","tag-provincia"],"_links":{"self":[{"href":"https:\/\/panoramadelsur.com.ar\/index.php?rest_route=\/wp\/v2\/posts\/52811","targetHints":{"allow":["GET"]}}],"collection":[{"href":"https:\/\/panoramadelsur.com.ar\/index.php?rest_route=\/wp\/v2\/posts"}],"about":[{"href":"https:\/\/panoramadelsur.com.ar\/index.php?rest_route=\/wp\/v2\/types\/post"}],"author":[{"embeddable":true,"href":"https:\/\/panoramadelsur.com.ar\/index.php?rest_route=\/wp\/v2\/users\/1"}],"replies":[{"embeddable":true,"href":"https:\/\/panoramadelsur.com.ar\/index.php?rest_route=%2Fwp%2Fv2%2Fcomments&post=52811"}],"version-history":[{"count":1,"href":"https:\/\/panoramadelsur.com.ar\/index.php?rest_route=\/wp\/v2\/posts\/52811\/revisions"}],"predecessor-version":[{"id":52813,"href":"https:\/\/panoramadelsur.com.ar\/index.php?rest_route=\/wp\/v2\/posts\/52811\/revisions\/52813"}],"wp:featuredmedia":[{"embeddable":true,"href":"https:\/\/panoramadelsur.com.ar\/index.php?rest_route=\/wp\/v2\/media\/52812"}],"wp:attachment":[{"href":"https:\/\/panoramadelsur.com.ar\/index.php?rest_route=%2Fwp%2Fv2%2Fmedia&parent=52811"}],"wp:term":[{"taxonomy":"category","embeddable":true,"href":"https:\/\/panoramadelsur.com.ar\/index.php?rest_route=%2Fwp%2Fv2%2Fcategories&post=52811"},{"taxonomy":"post_tag","embeddable":true,"href":"https:\/\/panoramadelsur.com.ar\/index.php?rest_route=%2Fwp%2Fv2%2Ftags&post=52811"}],"curies":[{"name":"wp","href":"https:\/\/api.w.org\/{rel}","templated":true}]}}