{"id":52824,"date":"2024-06-06T16:12:57","date_gmt":"2024-06-06T19:12:57","guid":{"rendered":"https:\/\/panoramadelsur.com.ar\/?p=52824"},"modified":"2024-06-06T17:27:19","modified_gmt":"2024-06-06T20:27:19","slug":"fuerte-respaldo-a-maximo-kirchner-tras-el-ataque-de-milei-por-la-media-sancion-a-la-nueva-formula-jubilatoria","status":"publish","type":"post","link":"https:\/\/panoramadelsur.com.ar\/?p=52824","title":{"rendered":"FUERTE RESPALDO A M\u00c1XIMO KIRCHNER TRAS EL ATAQUE DE MILEI POR LA MEDIA SANCI\u00d3N A LA NUEVA F\u00d3RMULA JUBILATORIA"},"content":{"rendered":"\n<p>El presidente Javier Milei apunt\u00f3 contra el diputado de Uni\u00f3n por la Patria M\u00e1ximo Kirchner por la\u00a0media sanci\u00f3n que obtuvo el martes la nueva f\u00f3rmula jubilatoria, tras lo cual una gran cantidad de dirigentes pol\u00edticos de La C\u00e1mpora respaldaron al dirigente.\u00a0\u00a0<\/p>\n\n\n\n<p>El mi\u00e9rcoles, un comunicado de Presidencia expres\u00f3: \u201cEsta administraci\u00f3n\u00a0lamenta que diputados bien intencionados participaran de la trampa legislativa de M\u00e1ximo Kirchner, y reitera su decisi\u00f3n inquebrantable de mantener el equilibrio fiscal utilizando todas las herramientas que proporciona la Constituci\u00f3n Nacional, incluyendo el veto, de ser necesario\u201d.<\/p>\n\n\n\n<p>Tras conocerse ese texto, diferentes dirigentes pol\u00edticos del kirchnerismo salieron a rechazar las palabras del jefe de Estado.<\/p>\n\n\n\n<p>El senador nacional\u00a0<strong>Mariano Recalde<\/strong>\u00a0asegur\u00f3: \u201cMilei dice que mejorar las jubilaciones es una trampa. Presidente,\u00a0trampa fue prometer que no iba a aumentar los impuestos o que el ajuste lo iba a pagar la casta y hacer todo lo contrario. Darle respuesta a los jubilados es un deber\u201d.\u00a0<\/p>\n\n\n\n<p>En tanto, la intendenta de Quilmes,&nbsp;<strong>Mayra Mendoza<\/strong>, afirm\u00f3: \u201cPresidente Milei: es muy importante respetar el contrato electoral. Usted dijo en campa\u00f1a que el ajuste lo pagar\u00eda la casta, as\u00ed que o los jubilados son casta o usted minti\u00f3\u201d.<\/p>\n\n\n\n<p>\u201cDeje de se\u00f1alar dirigentes opositores irresponsablemente para generar violencia contra ellos y ded\u00edquese a gobernar, que bastante falta le hace. Tiene unos cuantos problemas por resolver antes que atentar contra lo que decide una mayor\u00eda legislativa que no le gusta\u201d, complet\u00f3.<\/p>\n\n\n\n<p>En igual tono, la senadora nacional&nbsp;<strong>Anabel Fern\u00e1ndez Sagasti<\/strong>&nbsp;poste\u00f3: \u201cPRINCIPIO DE REVELACI\u00d3N: si no pod\u00e9s aumentar las jubilaciones es porque el ajuste lo est\u00e1n pagando los jubilados\u201d.<\/p>\n\n\n\n<p>El diputado nacional\u00a0<strong>Rodolfo Tailhade<\/strong>\u00a0evalu\u00f3 que \u201cla trampa de M\u00e1ximo fue subir las jubilaciones de los que se cagan de hambre por tu incompetencia. Tu trampa, Milei, es saquear a las familias mientras le regal\u00e1s plata a los ricos y viv\u00eds de joda viajando con tu hermana sin traer una m\u00edsera inversi\u00f3n. El cargo te queda grande\u201d.<\/p>\n\n\n\n<p>La ministra bonaerense de Ambiente,\u00a0<strong>Daniela Vilar<\/strong>, manifest\u00f3: \u201c\u00bfRecomponer los ingresos de los jubilados es una trampa de M\u00e1ximo Kirchner?\u00a0Una trampa es querer darle beneficios impositivos in\u00e9ditos a empresas extranjeras para que se lleven todo mientras las jubilaciones est\u00e1n totalmente devaluadas y no alcanzan para nada\u201d.<\/p>\n\n\n\n<p>El intendente de Hurlingham,\u00a0<strong>Dami\u00e1n Selci<\/strong>, puntualiz\u00f3: \u201cCon la\u00a0br\u00fajula totalmente\u00a0da\u00f1ada, ahora el Presidente acusa a M\u00e1ximo Kirchner de querer aumentar las jubilaciones junto con los diputados de distintas fuerzas pol\u00edticas\u201d.<\/p>\n\n\n\n<p>Su par de Brandsen, Fernando Raitelli, opin\u00f3 que \u201cSe trata de defender a los m\u00e1s desprotegidos en el desastre econ\u00f3mico al que nos llev\u00f3 Milei\u201d y agreg\u00f3: \u201cNo es una \u201ctrampa\u201d porque el super\u00e1vit que dicen defender es falso. Es buscar recomponer las jubilaciones para que tengan un ingreso digno y frenar el robo que significa aplicar la f\u00f3rmula de movilidad que decretaron\u201d.<\/p>\n\n\n\n<p>La secretaria de la Juventud Peronista nacional,&nbsp;<strong>Luc\u00eda C\u00e1mpora<\/strong>, expuso que \u201cla trampa de M\u00e1ximo Kirchner ser\u00eda votar un aumento a los jubilados. Y la soluci\u00f3n de Milei, vetarlo. Dame m\u00e1s de esas trampas\u201d.<\/p>\n\n\n\n<p>La diputada nacional\u00a0<strong>Paula Penacca<\/strong>, expres\u00f3 que \u201cla \u2018trampa legislativa\u2019 de M\u00e1ximo Kirchner es que los jubilados cobren un ingreso digno\u2026 Mucho mejor que la de\u00a0Milei, que iba a ajustar a \u2018la casta\u2019 pero termin\u00f3 intentando que los trabajadores paguen ganancias y le rob\u00f3 a los jubilados con la f\u00f3rmula de movilidad que decret\u00f3\u201d.<\/p>\n\n\n\n<p>En simult\u00e1neo, la extitular de Anses,\u00a0<strong>Luana Volnovich<\/strong>, plante\u00f3 al presidente Milei: \u201cAyer votamos una ley que mejora un poquito la vida de los jubilados.\u00a0No fue una trampa de M\u00e1ximo Kirchner, fue una ayuda importante para transitar la crisis econ\u00f3mica, los tarifazos y la inflaci\u00f3n que usted cierne sobre sus espaldas\u201d.<\/p>\n\n\n\n<p>\u201cLa buena noticia es que el aumento a los jubilados se puede hacer sin alterar ning\u00fan equilibrio fiscal. Solo tiene que quitar del proyecto de ley de bases la modificaci\u00f3n del impuesto a los ricos\u201d, continu\u00f3.<\/p>\n\n\n\n<p>Remarc\u00f3 que \u201ccon el beneficio a los ricos que usted les da en esa ley, puede pagar esta peque\u00f1a mejora para millones de personas\u201d y a\u00f1adi\u00f3: \u201c\u00bfLe da m\u00e1s a los que m\u00e1s tienen y les saca a los que menos?\u00a0La trampa la hizo usted al pueblo argentino. Matem\u00e1tica pura y un poco de coraz\u00f3n\u201d.<\/p>\n\n\n\n<h2 class=\"wp-block-heading\"><strong>Otras voces<\/strong><\/h2>\n\n\n\n<p>De igual modo, se expresaron las legisladoras nacionales\u00a0<strong>Leila Chaher<\/strong>, quien analiz\u00f3 que \u201cun comunicado para\u00a0seguir estigmatizando el apellido Kirchner, tapar la corrupci\u00f3n que se descubri\u00f3 en solo 6 meses de gobierno\u00a0 y justificar que va a seguir metiendo la mano en el bolsillo de los jubilados\u201d, y\u00a0<strong>Coty Alonso<\/strong>, la que manifest\u00f3: \u201cTremenda trampa legislativa de M\u00e1ximo Kirchner: recomponer el ingreso de los jubilados y jubiladas\u201d.<\/p>\n\n\n\n<p>El diputado\u00a0<strong>Rogelio Iparraguirre<\/strong>\u00a0poste\u00f3: \u201cY dale con Pern\u00eda! Asistimos a una sesi\u00f3n convocada por la UCR y HCF y votamos un dict\u00e1men que tampoco es el que hubi\u00e9ramos querido \u2026 peeero\u2026 es el plan de M\u00e1ximo Kirchmer para generar d\u00e9ficit fiscal. Muchachos,\u00a0se est\u00e1n enamorando de la jugada y se les ven los hilos\u201d.<\/p>\n\n\n\n<p>Su par de bloque,\u00a0<strong>Mat\u00edas Molles<\/strong>, subrary\u00f3: \u201c<strong>El desajuste con la realidad que tiene esta gente es alarmante. Viven en una realidad para<\/strong>l<strong>ela en donde negro es blanco, dulce es salado y fr\u00edo es calor.<\/strong>\u00a0Si no fuera porque miles de argentinos cada d\u00eda la est\u00e1n pasando peor, ser\u00edan unos buenos guionistas de ficci\u00f3n. Gestionen!!!\u201d.<\/p>\n\n\n\n<p>La diputada\u00a0<strong>Florencia Carignano<\/strong>\u00a0pregunt\u00f3 con iron\u00eda: \u201c\u00bfQu\u00e9 te pasa Milei? \u00bfEst\u00e1s nerviosho? Cuando todo sale mal, hay que echarle la culpa a un Kirchner a ver si funciona. Seguro te lo dijo Santiago Caputo, \u00bfno?\u00a0No hay trampa, votamos a favor de los jubilados a los que vos queres hambrear. FIN\u201d.<\/p>\n\n\n\n<p>Su compa\u00f1era de bancada,\u00a0<strong>Gabriela Est\u00e9vez<\/strong>, recalc\u00f3: \u201cAh, pero Kirchner\u2026 Es verdad, cuando algo es para mejorar la vida de la gente huele a Kirchner pero resulta que la sesi\u00f3n fue pedida por la UCR y HCF y nosotros acompa\u00f1amos.\u00a0Lo que para la oficina del Presidente es una trampa se llama construcci\u00f3n de consensos, democracia\u2026 Les suena?\u201d.<\/p>\n\n\n\n<p>\u201cDespu\u00e9s expl\u00edquenme c\u00f3mo sacan al pa\u00eds adelante baj\u00e1ndole las contribuciones a los ricos (sacan el impuesto a bienes personales en la Ley de Bases) y hambreando a jubilados, docentes y laburantes\u201d, cerr\u00f3.<\/p>\n\n\n\n<p>El legislador porte\u00f1o\u00a0<strong>Juan Modarelli<\/strong>\u00a0celebr\u00f3: \u201cBien ah\u00ed el \u2018tramposo\u2019 de M\u00e1ximo Kirchner y los diputados (\u00a1de varios partidos!) que votaron a favor de los jubilados.\u00a0Qu\u00e9 gente chiflada esta que nos gobierna\u201d.<\/p>\n","protected":false},"excerpt":{"rendered":"<p>El presidente<\/p>\n","protected":false},"author":1,"featured_media":52825,"comment_status":"closed","ping_status":"closed","sticky":false,"template":"","format":"standard","meta":{"footnotes":""},"categories":[4],"tags":[59],"class_list":["post-52824","post","type-post","status-publish","format-standard","has-post-thumbnail","hentry","category-nacionales","tag-nacionales"],"_links":{"self":[{"href":"https:\/\/panoramadelsur.com.ar\/index.php?rest_route=\/wp\/v2\/posts\/52824","targetHints":{"allow":["GET"]}}],"collection":[{"href":"https:\/\/panoramadelsur.com.ar\/index.php?rest_route=\/wp\/v2\/posts"}],"about":[{"href":"https:\/\/panoramadelsur.com.ar\/index.php?rest_route=\/wp\/v2\/types\/post"}],"author":[{"embeddable":true,"href":"https:\/\/panoramadelsur.com.ar\/index.php?rest_route=\/wp\/v2\/users\/1"}],"replies":[{"embeddable":true,"href":"https:\/\/panoramadelsur.com.ar\/index.php?rest_route=%2Fwp%2Fv2%2Fcomments&post=52824"}],"version-history":[{"count":1,"href":"https:\/\/panoramadelsur.com.ar\/index.php?rest_route=\/wp\/v2\/posts\/52824\/revisions"}],"predecessor-version":[{"id":52826,"href":"https:\/\/panoramadelsur.com.ar\/index.php?rest_route=\/wp\/v2\/posts\/52824\/revisions\/52826"}],"wp:featuredmedia":[{"embeddable":true,"href":"https:\/\/panoramadelsur.com.ar\/index.php?rest_route=\/wp\/v2\/media\/52825"}],"wp:attachment":[{"href":"https:\/\/panoramadelsur.com.ar\/index.php?rest_route=%2Fwp%2Fv2%2Fmedia&parent=52824"}],"wp:term":[{"taxonomy":"category","embeddable":true,"href":"https:\/\/panoramadelsur.com.ar\/index.php?rest_route=%2Fwp%2Fv2%2Fcategories&post=52824"},{"taxonomy":"post_tag","embeddable":true,"href":"https:\/\/panoramadelsur.com.ar\/index.php?rest_route=%2Fwp%2Fv2%2Ftags&post=52824"}],"curies":[{"name":"wp","href":"https:\/\/api.w.org\/{rel}","templated":true}]}}