{"id":52827,"date":"2024-06-06T01:01:00","date_gmt":"2024-06-06T04:01:00","guid":{"rendered":"https:\/\/panoramadelsur.com.ar\/?p=52827"},"modified":"2024-06-06T17:26:08","modified_gmt":"2024-06-06T20:26:08","slug":"por-la-paralizacion-de-obras-publicas-ya-se-perdieron-mas-de-50-mil-empleos-en-la-construccion","status":"publish","type":"post","link":"https:\/\/panoramadelsur.com.ar\/?p=52827","title":{"rendered":"POR LA PARALIZACI\u00d3N DE OBRAS P\u00daBLICAS, YA SE PERDIERON M\u00c1S DE 50 MIL EMPLEOS EN LA CONSTRUCCI\u00d3N"},"content":{"rendered":"\n<p>La recesi\u00f3n est\u00e1 teniendo un impacto muy fuerte sobre el empleo en algunos rubros claves de la actividad econ\u00f3mica, como la construcci\u00f3n de ca\u00edda en los puestos laborales.<\/p>\n\n\n\n<p>De acuerdo con datos del INDEC del primer cuatrimestre del a\u00f1o, ya se perdieron 52.400 puestos de trabajo registrados en la construcci\u00f3n, que ya lleva ocho meses consecutivos.<\/p>\n\n\n\n<p>En noviembre la construcci\u00f3n ocupaba 444.000 puestos laborales formales, mientras que en abril se redujeron a 391.640.&nbsp;<\/p>\n\n\n\n<p>De esta forma, el empleo en ese estrat\u00e9gico sector cay\u00f3 casi 12%.<\/p>\n\n\n\n<p>De acuerdo con especialistas del sector, adem\u00e1s se habr\u00eda perdido una cantidad similar de puestos laborales entre el personal no registrado, que suele ser alto en esa actividad, en lo que corresponde a tareas puntuales de refacciones e instalaciones.<\/p>\n\n\n\n<p>La constrrucci\u00f3n es el sector industrial que m\u00e1s cay\u00f3 durante este gobierno, en especial por la decisi\u00f3n de poner un freno total a la obra p\u00fablica para tratar de equilibrar las cuentas fiscales.<\/p>\n\n\n\n<p>En abril \u00faltimo la actividad de la construcci\u00f3n cay\u00f3 37,2%, seg\u00fan el INDEC.<\/p>\n\n\n\n<p>No obstante, hubi una leve recuperaci\u00f3n respecto de marzo, que enciende alguna luz de esperanza de que la recesi\u00f3n est\u00e9 un paso m\u00e1s cerca de encontrar su piso.<\/p>\n\n\n\n<p>Un dato que preocupa es que dos de cada diez constructoras estima reducir personal en los pr\u00f3ximos meses.<\/p>\n\n\n\n<p>Y que entre aquellas que trabajan en obra p\u00fablica, la mitad considera que deber\u00e1 reducir personal.<\/p>\n\n\n\n<p>En agosto 2023 hab\u00eda 466.000 trabajadores en la construcci\u00f3n. Esto indica que se perdieron casi 75 mil puestos en ocho meses.<\/p>\n","protected":false},"excerpt":{"rendered":"<p>La recesi\u00f3n<\/p>\n","protected":false},"author":1,"featured_media":52828,"comment_status":"closed","ping_status":"closed","sticky":false,"template":"","format":"standard","meta":{"footnotes":""},"categories":[1,4],"tags":[59],"class_list":["post-52827","post","type-post","status-publish","format-standard","has-post-thumbnail","hentry","category-destacados","category-nacionales","tag-nacionales"],"_links":{"self":[{"href":"https:\/\/panoramadelsur.com.ar\/index.php?rest_route=\/wp\/v2\/posts\/52827","targetHints":{"allow":["GET"]}}],"collection":[{"href":"https:\/\/panoramadelsur.com.ar\/index.php?rest_route=\/wp\/v2\/posts"}],"about":[{"href":"https:\/\/panoramadelsur.com.ar\/index.php?rest_route=\/wp\/v2\/types\/post"}],"author":[{"embeddable":true,"href":"https:\/\/panoramadelsur.com.ar\/index.php?rest_route=\/wp\/v2\/users\/1"}],"replies":[{"embeddable":true,"href":"https:\/\/panoramadelsur.com.ar\/index.php?rest_route=%2Fwp%2Fv2%2Fcomments&post=52827"}],"version-history":[{"count":1,"href":"https:\/\/panoramadelsur.com.ar\/index.php?rest_route=\/wp\/v2\/posts\/52827\/revisions"}],"predecessor-version":[{"id":52829,"href":"https:\/\/panoramadelsur.com.ar\/index.php?rest_route=\/wp\/v2\/posts\/52827\/revisions\/52829"}],"wp:featuredmedia":[{"embeddable":true,"href":"https:\/\/panoramadelsur.com.ar\/index.php?rest_route=\/wp\/v2\/media\/52828"}],"wp:attachment":[{"href":"https:\/\/panoramadelsur.com.ar\/index.php?rest_route=%2Fwp%2Fv2%2Fmedia&parent=52827"}],"wp:term":[{"taxonomy":"category","embeddable":true,"href":"https:\/\/panoramadelsur.com.ar\/index.php?rest_route=%2Fwp%2Fv2%2Fcategories&post=52827"},{"taxonomy":"post_tag","embeddable":true,"href":"https:\/\/panoramadelsur.com.ar\/index.php?rest_route=%2Fwp%2Fv2%2Ftags&post=52827"}],"curies":[{"name":"wp","href":"https:\/\/api.w.org\/{rel}","templated":true}]}}