{"id":52830,"date":"2024-06-07T01:04:00","date_gmt":"2024-06-07T04:04:00","guid":{"rendered":"https:\/\/panoramadelsur.com.ar\/?p=52830"},"modified":"2024-06-06T16:49:41","modified_gmt":"2024-06-06T19:49:41","slug":"desvios-de-transito-por-la-prueba-atletica-10k-dia-del-vidriero","status":"publish","type":"post","link":"https:\/\/panoramadelsur.com.ar\/?p=52830","title":{"rendered":"DESV\u00cdOS DE TR\u00c1NSITO POR LA PRUEBA ATL\u00c9TICA 10K D\u00cdA DEL VIDRIERO"},"content":{"rendered":"\n<p class=\"wp-block-paragraph\">La Municipalidad de Berazategui informa que este s\u00e1bado 8 de junio se desviar\u00e1 el tr\u00e1nsito en un tramo de las Avenidas 14 y Julieta Lanteri (21) con motivo de la 35\u00b0 Prueba Atl\u00e9tica 10K D\u00eda del Vidriero \u00abSaverio Terminiello\u00bb.<\/p>\n\n\n\n<p class=\"wp-block-paragraph\">La Subsecretar\u00eda de Tr\u00e1nsito -dependiente de la Secretar\u00eda de Control Urbano del Municipio- informa que desde las 9.00 comenzar\u00e1 a desviarse la circulaci\u00f3n en los siguientes tramos de las Avenidas 14 y Julieta Lanteri (21) -determinados como parte del circuito certificado y fiscalizado por jueces de la Federaci\u00f3n Atl\u00e9tica Metropolitana (FAM)-:<\/p>\n\n\n\n<p class=\"wp-block-paragraph\">Desde las 9.00: Av. 14 e\/ 142 y 144.<\/p>\n\n\n\n<p class=\"wp-block-paragraph\">A partir de las 13.00: Av. 14 e\/ 141 y 145.<\/p>\n\n\n\n<p class=\"wp-block-paragraph\">Desde las 15.45: el resto del circuito (Av. 14 y Av. Julieta Lanteri e\/ Camino General Belgrano y 138; Camino General Belgrano e\/ Av. 14 y Av. Julieta Lanteri; y calle 138 e\/ Av. 14 y Av. Julieta Lanteri).<\/p>\n\n\n\n<p class=\"wp-block-paragraph\">Aproximadamente a las 18.30 todas las calles y avenidas quedar\u00e1n habilitadas.<\/p>\n\n\n\n<p class=\"wp-block-paragraph\">Para dirigirse desde la Av. Julieta Lanteri (21) hasta la Av. 14, sugiere utilizar Lisandro de la Torre o las calles c\u00e9ntricas. En tanto, para movilizarse entre Berazategui y Ezpeleta, se podr\u00e1 circular por el Centro o a trav\u00e9s de los pasos bajo nivel de las calles 11 y 12.<\/p>\n","protected":false},"excerpt":{"rendered":"<p>La Municipalidad<\/p>\n","protected":false},"author":1,"featured_media":52831,"comment_status":"closed","ping_status":"closed","sticky":false,"template":"","format":"standard","meta":{"footnotes":""},"categories":[8,3],"tags":[40],"class_list":["post-52830","post","type-post","status-publish","format-standard","has-post-thumbnail","hentry","category-para-agendar","category-regionales","tag-berazategui"],"_links":{"self":[{"href":"https:\/\/panoramadelsur.com.ar\/index.php?rest_route=\/wp\/v2\/posts\/52830","targetHints":{"allow":["GET"]}}],"collection":[{"href":"https:\/\/panoramadelsur.com.ar\/index.php?rest_route=\/wp\/v2\/posts"}],"about":[{"href":"https:\/\/panoramadelsur.com.ar\/index.php?rest_route=\/wp\/v2\/types\/post"}],"author":[{"embeddable":true,"href":"https:\/\/panoramadelsur.com.ar\/index.php?rest_route=\/wp\/v2\/users\/1"}],"replies":[{"embeddable":true,"href":"https:\/\/panoramadelsur.com.ar\/index.php?rest_route=%2Fwp%2Fv2%2Fcomments&post=52830"}],"version-history":[{"count":1,"href":"https:\/\/panoramadelsur.com.ar\/index.php?rest_route=\/wp\/v2\/posts\/52830\/revisions"}],"predecessor-version":[{"id":52832,"href":"https:\/\/panoramadelsur.com.ar\/index.php?rest_route=\/wp\/v2\/posts\/52830\/revisions\/52832"}],"wp:featuredmedia":[{"embeddable":true,"href":"https:\/\/panoramadelsur.com.ar\/index.php?rest_route=\/wp\/v2\/media\/52831"}],"wp:attachment":[{"href":"https:\/\/panoramadelsur.com.ar\/index.php?rest_route=%2Fwp%2Fv2%2Fmedia&parent=52830"}],"wp:term":[{"taxonomy":"category","embeddable":true,"href":"https:\/\/panoramadelsur.com.ar\/index.php?rest_route=%2Fwp%2Fv2%2Fcategories&post=52830"},{"taxonomy":"post_tag","embeddable":true,"href":"https:\/\/panoramadelsur.com.ar\/index.php?rest_route=%2Fwp%2Fv2%2Ftags&post=52830"}],"curies":[{"name":"wp","href":"https:\/\/api.w.org\/{rel}","templated":true}]}}